{"id":10100,"date":"2022-02-06T13:43:43","date_gmt":"2022-02-06T18:43:43","guid":{"rendered":"https:\/\/inte.pucp.edu.pe\/?post_type=noticias&#038;p=10100"},"modified":"2022-02-08T12:25:49","modified_gmt":"2022-02-08T17:25:49","slug":"pronunciamiento-frente-a-la-designacion-del-ministro-wilber-dux-supo-quisocala-en-el-ministerio-del-ambiente-minam-y-la-eleccion-de-ministros-para-esta-cartera","status":"publish","type":"noticias","link":"https:\/\/inte.pucp.edu.pe\/en\/noticias-y-eventos\/noticias\/pronunciamiento-frente-a-la-designacion-del-ministro-wilber-dux-supo-quisocala-en-el-ministerio-del-ambiente-minam-y-la-eleccion-de-ministros-para-esta-cartera\/","title":{"rendered":"Pronunciamiento frente a designaci\u00f3n de funcionarios de limitada experiencia profesional"},"comment_status":"open","ping_status":"closed","template":"","tipo-noticia":[28],"etiqueta-noticia":[],"class_list":["post-10100","noticias","type-noticias","status-publish","hentry","tipo-noticia-editorial"],"acf":[],"yoast_head":"<!-- This site is optimized with the Yoast SEO plugin v26.4 - https:\/\/yoast.com\/wordpress\/plugins\/seo\/ -->\n<title>Pronunciamiento frente a designaci\u00f3n de funcionarios de limitada experiencia profesional - Instituto de la Naturaleza, Tierra y Energ\u00eda (INTE-PUCP)<\/title>\n<meta name=\"robots\" content=\"index, follow, max-snippet:-1, max-image-preview:large, max-video-preview:-1\" \/>\n<link rel=\"canonical\" href=\"https:\/\/inte.pucp.edu.pe\/en\/noticias-y-eventos\/noticias\/pronunciamiento-frente-a-la-designacion-del-ministro-wilber-dux-supo-quisocala-en-el-ministerio-del-ambiente-minam-y-la-eleccion-de-ministros-para-esta-cartera\/\" \/>\n<meta property=\"og:locale\" content=\"en_US\" \/>\n<meta property=\"og:type\" content=\"article\" \/>\n<meta property=\"og:title\" content=\"Pronunciamiento frente a designaci\u00f3n de funcionarios de limitada experiencia profesional - Instituto de la Naturaleza, Tierra y Energ\u00eda (INTE-PUCP)\" \/>\n<meta property=\"og:description\" content=\"El d\u00eda 1ro de febrero de 2022, mediante Resoluci\u00f3n Suprema N\u00b0 054-2022-PCM, se nombr\u00f3 ministro de Estado en el Despacho del Ambiente al se\u00f1or Wilber Dux Supo Quisocala. Esta designaci\u00f3n ocurre en medio de una crisis ambiental generada por el derrame masivo de petr\u00f3leo en las costas de Lima norte, con la urgencia de declarar [&hellip;]\" \/>\n<meta property=\"og:url\" content=\"https:\/\/inte.pucp.edu.pe\/en\/noticias-y-eventos\/noticias\/pronunciamiento-frente-a-la-designacion-del-ministro-wilber-dux-supo-quisocala-en-el-ministerio-del-ambiente-minam-y-la-eleccion-de-ministros-para-esta-cartera\/\" \/>\n<meta property=\"og:site_name\" content=\"Instituto de la Naturaleza, Tierra y Energ\u00eda (INTE-PUCP)\" \/>\n<meta property=\"article:modified_time\" content=\"2022-02-08T17:25:49+00:00\" \/>\n<meta property=\"og:image\" content=\"https:\/\/inte.pucp.edu.pe\/wp-content\/uploads\/2022\/02\/INTE-02.png\" \/>\n\t<meta property=\"og:image:width\" content=\"2355\" \/>\n\t<meta property=\"og:image:height\" content=\"1505\" \/>\n\t<meta property=\"og:image:type\" content=\"image\/png\" \/>\n<meta name=\"twitter:card\" content=\"summary_large_image\" \/>\n<meta name=\"twitter:label1\" content=\"Est. reading time\" \/>\n\t<meta name=\"twitter:data1\" content=\"6 minutes\" \/>\n<script type=\"application\/ld+json\" class=\"yoast-schema-graph\">{\"@context\":\"https:\/\/schema.org\",\"@graph\":[{\"@type\":\"WebPage\",\"@id\":\"https:\/\/inte.pucp.edu.pe\/en\/noticias-y-eventos\/noticias\/pronunciamiento-frente-a-la-designacion-del-ministro-wilber-dux-supo-quisocala-en-el-ministerio-del-ambiente-minam-y-la-eleccion-de-ministros-para-esta-cartera\/\",\"url\":\"https:\/\/inte.pucp.edu.pe\/en\/noticias-y-eventos\/noticias\/pronunciamiento-frente-a-la-designacion-del-ministro-wilber-dux-supo-quisocala-en-el-ministerio-del-ambiente-minam-y-la-eleccion-de-ministros-para-esta-cartera\/\",\"name\":\"Pronunciamiento frente a designaci\u00f3n de funcionarios de limitada experiencia profesional - Instituto de la Naturaleza, Tierra y Energ\u00eda (INTE-PUCP)\",\"isPartOf\":{\"@id\":\"https:\/\/inte.pucp.edu.pe\/en\/#website\"},\"primaryImageOfPage\":{\"@id\":\"https:\/\/inte.pucp.edu.pe\/en\/noticias-y-eventos\/noticias\/pronunciamiento-frente-a-la-designacion-del-ministro-wilber-dux-supo-quisocala-en-el-ministerio-del-ambiente-minam-y-la-eleccion-de-ministros-para-esta-cartera\/#primaryimage\"},\"image\":{\"@id\":\"https:\/\/inte.pucp.edu.pe\/noticias-y-eventos\/noticias\/pronunciamiento-frente-a-la-designacion-del-ministro-wilber-dux-supo-quisocala-en-el-ministerio-del-ambiente-minam-y-la-eleccion-de-ministros-para-esta-cartera\/#primaryimage\"},\"thumbnailUrl\":\"https:\/\/inte.pucp.edu.pe\/wp-content\/uploads\/2022\/02\/INTE-02.png\",\"datePublished\":\"2022-02-06T18:43:43+00:00\",\"dateModified\":\"2022-02-08T17:25:49+00:00\",\"breadcrumb\":{\"@id\":\"https:\/\/inte.pucp.edu.pe\/en\/noticias-y-eventos\/noticias\/pronunciamiento-frente-a-la-designacion-del-ministro-wilber-dux-supo-quisocala-en-el-ministerio-del-ambiente-minam-y-la-eleccion-de-ministros-para-esta-cartera\/#breadcrumb\"},\"inLanguage\":\"en-US\",\"potentialAction\":[{\"@type\":\"ReadAction\",\"target\":[[\"https:\/\/inte.pucp.edu.pe\/en\/noticias-y-eventos\/noticias\/pronunciamiento-frente-a-la-designacion-del-ministro-wilber-dux-supo-quisocala-en-el-ministerio-del-ambiente-minam-y-la-eleccion-de-ministros-para-esta-cartera\/\"]]}]},{\"@type\":\"ImageObject\",\"inLanguage\":\"en-US\",\"@id\":\"https:\/\/inte.pucp.edu.pe\/en\/noticias-y-eventos\/noticias\/pronunciamiento-frente-a-la-designacion-del-ministro-wilber-dux-supo-quisocala-en-el-ministerio-del-ambiente-minam-y-la-eleccion-de-ministros-para-esta-cartera\/#primaryimage\",\"url\":\"https:\/\/inte.pucp.edu.pe\/wp-content\/uploads\/2022\/02\/INTE-02.png\",\"contentUrl\":\"https:\/\/inte.pucp.edu.pe\/wp-content\/uploads\/2022\/02\/INTE-02.png\",\"width\":2355,\"height\":1505},{\"@type\":\"BreadcrumbList\",\"@id\":\"https:\/\/inte.pucp.edu.pe\/en\/noticias-y-eventos\/noticias\/pronunciamiento-frente-a-la-designacion-del-ministro-wilber-dux-supo-quisocala-en-el-ministerio-del-ambiente-minam-y-la-eleccion-de-ministros-para-esta-cartera\/#breadcrumb\",\"itemListElement\":[{\"@type\":\"ListItem\",\"position\":1,\"name\":\"Portada\",\"item\":\"https:\/\/inte.pucp.edu.pe\/en\/\"},{\"@type\":\"ListItem\",\"position\":2,\"name\":\"Pronunciamiento frente a designaci\u00f3n de funcionarios de limitada experiencia profesional\"}]},{\"@type\":\"WebSite\",\"@id\":\"https:\/\/inte.pucp.edu.pe\/en\/#website\",\"url\":\"https:\/\/inte.pucp.edu.pe\/en\/\",\"name\":\"Instituto de la Naturaleza, Tierra y Energ\u00eda (INTE-PUCP)\",\"description\":\"\",\"publisher\":{\"@id\":\"https:\/\/inte.pucp.edu.pe\/en\/#organization\"},\"potentialAction\":[{\"@type\":\"SearchAction\",\"target\":{\"@type\":\"EntryPoint\",\"urlTemplate\":\"https:\/\/inte.pucp.edu.pe\/en\/?s={search_term_string}\"},\"query-input\":{\"@type\":\"PropertyValueSpecification\",\"valueRequired\":true,\"valueName\":\"search_term_string\"}}],\"inLanguage\":\"en-US\"},{\"@type\":\"Organization\",\"@id\":\"https:\/\/inte.pucp.edu.pe\/en\/#organization\",\"name\":\"Instituto de la Naturaleza, Tierra y Energ\u00eda (INTE-PUCP)\",\"url\":\"https:\/\/inte.pucp.edu.pe\/en\/\",\"logo\":{\"@type\":\"ImageObject\",\"inLanguage\":\"en-US\",\"@id\":\"https:\/\/inte.pucp.edu.pe\/en\/#\/schema\/logo\/image\/\",\"url\":\"https:\/\/inte.pucp.edu.pe\/wp-content\/uploads\/2023\/02\/13-Conferencia-LCA-Foods-085-1-scaled.jpg\",\"contentUrl\":\"https:\/\/inte.pucp.edu.pe\/wp-content\/uploads\/2023\/02\/13-Conferencia-LCA-Foods-085-1-scaled.jpg\",\"width\":2560,\"height\":1707,\"caption\":\"Instituto de la Naturaleza, Tierra y Energ\u00eda (INTE-PUCP)\"},\"image\":{\"@id\":\"https:\/\/inte.pucp.edu.pe\/en\/#\/schema\/logo\/image\/\"}}]}<\/script>\n<!-- \/ Yoast SEO plugin. -->","yoast_head_json":{"title":"Pronunciamiento frente a designaci\u00f3n de funcionarios de limitada experiencia profesional - Instituto de la Naturaleza, Tierra y Energ\u00eda (INTE-PUCP)","robots":{"index":"index","follow":"follow","max-snippet":"max-snippet:-1","max-image-preview":"max-image-preview:large","max-video-preview":"max-video-preview:-1"},"canonical":"https:\/\/inte.pucp.edu.pe\/en\/noticias-y-eventos\/noticias\/pronunciamiento-frente-a-la-designacion-del-ministro-wilber-dux-supo-quisocala-en-el-ministerio-del-ambiente-minam-y-la-eleccion-de-ministros-para-esta-cartera\/","og_locale":"en_US","og_type":"article","og_title":"Pronunciamiento frente a designaci\u00f3n de funcionarios de limitada experiencia profesional - Instituto de la Naturaleza, Tierra y Energ\u00eda (INTE-PUCP)","og_description":"El d\u00eda 1ro de febrero de 2022, mediante Resoluci\u00f3n Suprema N\u00b0 054-2022-PCM, se nombr\u00f3 ministro de Estado en el Despacho del Ambiente al se\u00f1or Wilber Dux Supo Quisocala. Esta designaci\u00f3n ocurre en medio de una crisis ambiental generada por el derrame masivo de petr\u00f3leo en las costas de Lima norte, con la urgencia de declarar [&hellip;]","og_url":"https:\/\/inte.pucp.edu.pe\/en\/noticias-y-eventos\/noticias\/pronunciamiento-frente-a-la-designacion-del-ministro-wilber-dux-supo-quisocala-en-el-ministerio-del-ambiente-minam-y-la-eleccion-de-ministros-para-esta-cartera\/","og_site_name":"Instituto de la Naturaleza, Tierra y Energ\u00eda (INTE-PUCP)","article_modified_time":"2022-02-08T17:25:49+00:00","og_image":[{"width":2355,"height":1505,"url":"https:\/\/inte.pucp.edu.pe\/wp-content\/uploads\/2022\/02\/INTE-02.png","type":"image\/png"}],"twitter_card":"summary_large_image","twitter_misc":{"Est. reading time":"6 minutes"},"schema":{"@context":"https:\/\/schema.org","@graph":[{"@type":"WebPage","@id":"https:\/\/inte.pucp.edu.pe\/en\/noticias-y-eventos\/noticias\/pronunciamiento-frente-a-la-designacion-del-ministro-wilber-dux-supo-quisocala-en-el-ministerio-del-ambiente-minam-y-la-eleccion-de-ministros-para-esta-cartera\/","url":"https:\/\/inte.pucp.edu.pe\/en\/noticias-y-eventos\/noticias\/pronunciamiento-frente-a-la-designacion-del-ministro-wilber-dux-supo-quisocala-en-el-ministerio-del-ambiente-minam-y-la-eleccion-de-ministros-para-esta-cartera\/","name":"Pronunciamiento frente a designaci\u00f3n de funcionarios de limitada experiencia profesional - Instituto de la Naturaleza, Tierra y Energ\u00eda (INTE-PUCP)","isPartOf":{"@id":"https:\/\/inte.pucp.edu.pe\/en\/#website"},"primaryImageOfPage":{"@id":"https:\/\/inte.pucp.edu.pe\/en\/noticias-y-eventos\/noticias\/pronunciamiento-frente-a-la-designacion-del-ministro-wilber-dux-supo-quisocala-en-el-ministerio-del-ambiente-minam-y-la-eleccion-de-ministros-para-esta-cartera\/#primaryimage"},"image":{"@id":"https:\/\/inte.pucp.edu.pe\/noticias-y-eventos\/noticias\/pronunciamiento-frente-a-la-designacion-del-ministro-wilber-dux-supo-quisocala-en-el-ministerio-del-ambiente-minam-y-la-eleccion-de-ministros-para-esta-cartera\/#primaryimage"},"thumbnailUrl":"https:\/\/inte.pucp.edu.pe\/wp-content\/uploads\/2022\/02\/INTE-02.png","datePublished":"2022-02-06T18:43:43+00:00","dateModified":"2022-02-08T17:25:49+00:00","breadcrumb":{"@id":"https:\/\/inte.pucp.edu.pe\/en\/noticias-y-eventos\/noticias\/pronunciamiento-frente-a-la-designacion-del-ministro-wilber-dux-supo-quisocala-en-el-ministerio-del-ambiente-minam-y-la-eleccion-de-ministros-para-esta-cartera\/#breadcrumb"},"inLanguage":"en-US","potentialAction":[{"@type":"ReadAction","target":[["https:\/\/inte.pucp.edu.pe\/en\/noticias-y-eventos\/noticias\/pronunciamiento-frente-a-la-designacion-del-ministro-wilber-dux-supo-quisocala-en-el-ministerio-del-ambiente-minam-y-la-eleccion-de-ministros-para-esta-cartera\/"]]}]},{"@type":"ImageObject","inLanguage":"en-US","@id":"https:\/\/inte.pucp.edu.pe\/en\/noticias-y-eventos\/noticias\/pronunciamiento-frente-a-la-designacion-del-ministro-wilber-dux-supo-quisocala-en-el-ministerio-del-ambiente-minam-y-la-eleccion-de-ministros-para-esta-cartera\/#primaryimage","url":"https:\/\/inte.pucp.edu.pe\/wp-content\/uploads\/2022\/02\/INTE-02.png","contentUrl":"https:\/\/inte.pucp.edu.pe\/wp-content\/uploads\/2022\/02\/INTE-02.png","width":2355,"height":1505},{"@type":"BreadcrumbList","@id":"https:\/\/inte.pucp.edu.pe\/en\/noticias-y-eventos\/noticias\/pronunciamiento-frente-a-la-designacion-del-ministro-wilber-dux-supo-quisocala-en-el-ministerio-del-ambiente-minam-y-la-eleccion-de-ministros-para-esta-cartera\/#breadcrumb","itemListElement":[{"@type":"ListItem","position":1,"name":"Portada","item":"https:\/\/inte.pucp.edu.pe\/en\/"},{"@type":"ListItem","position":2,"name":"Pronunciamiento frente a designaci\u00f3n de funcionarios de limitada experiencia profesional"}]},{"@type":"WebSite","@id":"https:\/\/inte.pucp.edu.pe\/en\/#website","url":"https:\/\/inte.pucp.edu.pe\/en\/","name":"Instituto de la Naturaleza, Tierra y Energ\u00eda (INTE-PUCP)","description":"","publisher":{"@id":"https:\/\/inte.pucp.edu.pe\/en\/#organization"},"potentialAction":[{"@type":"SearchAction","target":{"@type":"EntryPoint","urlTemplate":"https:\/\/inte.pucp.edu.pe\/en\/?s={search_term_string}"},"query-input":{"@type":"PropertyValueSpecification","valueRequired":true,"valueName":"search_term_string"}}],"inLanguage":"en-US"},{"@type":"Organization","@id":"https:\/\/inte.pucp.edu.pe\/en\/#organization","name":"Instituto de la Naturaleza, Tierra y Energ\u00eda (INTE-PUCP)","url":"https:\/\/inte.pucp.edu.pe\/en\/","logo":{"@type":"ImageObject","inLanguage":"en-US","@id":"https:\/\/inte.pucp.edu.pe\/en\/#\/schema\/logo\/image\/","url":"https:\/\/inte.pucp.edu.pe\/wp-content\/uploads\/2023\/02\/13-Conferencia-LCA-Foods-085-1-scaled.jpg","contentUrl":"https:\/\/inte.pucp.edu.pe\/wp-content\/uploads\/2023\/02\/13-Conferencia-LCA-Foods-085-1-scaled.jpg","width":2560,"height":1707,"caption":"Instituto de la Naturaleza, Tierra y Energ\u00eda (INTE-PUCP)"},"image":{"@id":"https:\/\/inte.pucp.edu.pe\/en\/#\/schema\/logo\/image\/"}}]}},"_links":{"self":[{"href":"https:\/\/inte.pucp.edu.pe\/en\/wp-json\/wp\/v2\/noticias\/10100","targetHints":{"allow":["GET"]}}],"collection":[{"href":"https:\/\/inte.pucp.edu.pe\/en\/wp-json\/wp\/v2\/noticias"}],"about":[{"href":"https:\/\/inte.pucp.edu.pe\/en\/wp-json\/wp\/v2\/types\/noticias"}],"replies":[{"embeddable":true,"href":"https:\/\/inte.pucp.edu.pe\/en\/wp-json\/wp\/v2\/comments?post=10100"}],"wp:featuredmedia":[{"embeddable":true,"href":"https:\/\/inte.pucp.edu.pe\/en\/wp-json\/wp\/v2\/media\/10120"}],"wp:attachment":[{"href":"https:\/\/inte.pucp.edu.pe\/en\/wp-json\/wp\/v2\/media?parent=10100"}],"wp:term":[{"taxonomy":"tipo-noticia","embeddable":true,"href":"https:\/\/inte.pucp.edu.pe\/en\/wp-json\/wp\/v2\/tipo-noticia?post=10100"},{"taxonomy":"etiqueta-noticia","embeddable":true,"href":"https:\/\/inte.pucp.edu.pe\/en\/wp-json\/wp\/v2\/etiqueta-noticia?post=10100"}],"curies":[{"name":"wp","href":"https:\/\/api.w.org\/{rel}","templated":true}]}}