{"id":204,"date":"2020-09-28T16:26:20","date_gmt":"2020-09-28T16:26:20","guid":{"rendered":"https:\/\/inte.pucp.edu.pe\/noticias-y-eventos\/noticias\/el-acuerdo-de-escazu-es-necesario-para-mejorar-la-democracia-la-competitividad-y-la-atencion-de-las-necesidades-ambientales-del-pais\/"},"modified":"2021-03-22T02:50:47","modified_gmt":"2021-03-22T02:50:47","slug":"el-acuerdo-de-escazu-es-necesario-para-mejorar-la-democracia-la-competitividad-y-la-atencion-de-las-necesidades-ambientales-del-pais","status":"publish","type":"noticias","link":"https:\/\/inte.pucp.edu.pe\/en\/noticias-y-eventos\/noticias\/el-acuerdo-de-escazu-es-necesario-para-mejorar-la-democracia-la-competitividad-y-la-atencion-de-las-necesidades-ambientales-del-pais\/","title":{"rendered":"El Acuerdo de Escaz\u00fa es necesario para mejorar la democracia, la competitividad y la atenci\u00f3n de las necesidades ambientales del pa\u00eds."},"comment_status":"closed","ping_status":"closed","template":"","tipo-noticia":[28],"etiqueta-noticia":[51,52,53],"class_list":["post-204","noticias","type-noticias","status-publish","hentry","tipo-noticia-editorial","etiqueta-noticia-acuerdo-de-escazu","etiqueta-noticia-medio-ambiente","etiqueta-noticia-pronunciamiento"],"acf":[],"_links":{"self":[{"href":"https:\/\/inte.pucp.edu.pe\/en\/wp-json\/wp\/v2\/noticias\/204","targetHints":{"allow":["GET"]}}],"collection":[{"href":"https:\/\/inte.pucp.edu.pe\/en\/wp-json\/wp\/v2\/noticias"}],"about":[{"href":"https:\/\/inte.pucp.edu.pe\/en\/wp-json\/wp\/v2\/types\/noticias"}],"replies":[{"embeddable":true,"href":"https:\/\/inte.pucp.edu.pe\/en\/wp-json\/wp\/v2\/comments?post=204"}],"wp:featuredmedia":[{"embeddable":true,"href":"https:\/\/inte.pucp.edu.pe\/en\/wp-json\/wp\/v2\/media\/2170"}],"wp:attachment":[{"href":"https:\/\/inte.pucp.edu.pe\/en\/wp-json\/wp\/v2\/media?parent=204"}],"wp:term":[{"taxonomy":"tipo-noticia","embeddable":true,"href":"https:\/\/inte.pucp.edu.pe\/en\/wp-json\/wp\/v2\/tipo-noticia?post=204"},{"taxonomy":"etiqueta-noticia","embeddable":true,"href":"https:\/\/inte.pucp.edu.pe\/en\/wp-json\/wp\/v2\/etiqueta-noticia?post=204"}],"curies":[{"name":"wp","href":"https:\/\/api.w.org\/{rel}","templated":true}]}}