{"id":204,"date":"2020-09-28T16:26:20","date_gmt":"2020-09-28T16:26:20","guid":{"rendered":"https:\/\/inte.pucp.edu.pe\/noticias-y-eventos\/noticias\/el-acuerdo-de-escazu-es-necesario-para-mejorar-la-democracia-la-competitividad-y-la-atencion-de-las-necesidades-ambientales-del-pais\/"},"modified":"2021-03-22T02:50:47","modified_gmt":"2021-03-22T02:50:47","slug":"el-acuerdo-de-escazu-es-necesario-para-mejorar-la-democracia-la-competitividad-y-la-atencion-de-las-necesidades-ambientales-del-pais","status":"publish","type":"noticias","link":"https:\/\/inte.pucp.edu.pe\/en\/noticias-y-eventos\/noticias\/el-acuerdo-de-escazu-es-necesario-para-mejorar-la-democracia-la-competitividad-y-la-atencion-de-las-necesidades-ambientales-del-pais\/","title":{"rendered":"El Acuerdo de Escaz\u00fa es necesario para mejorar la democracia, la competitividad y la atenci\u00f3n de las necesidades ambientales del pa\u00eds."},"comment_status":"closed","ping_status":"closed","template":"","tipo-noticia":[28],"etiqueta-noticia":[51,52,53],"class_list":["post-204","noticias","type-noticias","status-publish","hentry","tipo-noticia-editorial","etiqueta-noticia-acuerdo-de-escazu","etiqueta-noticia-medio-ambiente","etiqueta-noticia-pronunciamiento"],"acf":[],"yoast_head":"<!-- This site is optimized with the Yoast SEO plugin v26.4 - https:\/\/yoast.com\/wordpress\/plugins\/seo\/ -->\n<title>El Acuerdo de Escaz\u00fa es necesario para mejorar la democracia, la competitividad y la atenci\u00f3n de las necesidades ambientales del pa\u00eds. - Instituto de la Naturaleza, Tierra y Energ\u00eda (INTE-PUCP)<\/title>\n<meta name=\"robots\" content=\"index, follow, max-snippet:-1, max-image-preview:large, max-video-preview:-1\" \/>\n<link rel=\"canonical\" href=\"https:\/\/inte.pucp.edu.pe\/en\/noticias-y-eventos\/noticias\/el-acuerdo-de-escazu-es-necesario-para-mejorar-la-democracia-la-competitividad-y-la-atencion-de-las-necesidades-ambientales-del-pais\/\" \/>\n<meta property=\"og:locale\" content=\"en_US\" \/>\n<meta property=\"og:type\" content=\"article\" \/>\n<meta property=\"og:title\" content=\"El Acuerdo de Escaz\u00fa es necesario para mejorar la democracia, la competitividad y la atenci\u00f3n de las necesidades ambientales del pa\u00eds. - Instituto de la Naturaleza, Tierra y Energ\u00eda (INTE-PUCP)\" \/>\n<meta property=\"og:description\" content=\"Foto: Fabi\u00e1n Limonchi En relaci\u00f3n con el proceso de ratificaci\u00f3n del Acuerdo Regional sobre el Acceso a la Informaci\u00f3n, la Participaci\u00f3n, P\u00fablica, y el Acceso a la Justicia en asuntos ambientales en Am\u00e9rica Latina y El Caribe (Acuerdo de Escaz\u00fa), a cargo del Congreso de la Rep\u00fablica, y teniendo en cuenta su importancia para garantizar [&hellip;]\" \/>\n<meta property=\"og:url\" content=\"https:\/\/inte.pucp.edu.pe\/en\/noticias-y-eventos\/noticias\/el-acuerdo-de-escazu-es-necesario-para-mejorar-la-democracia-la-competitividad-y-la-atencion-de-las-necesidades-ambientales-del-pais\/\" \/>\n<meta property=\"og:site_name\" content=\"Instituto de la Naturaleza, Tierra y Energ\u00eda (INTE-PUCP)\" \/>\n<meta property=\"article:modified_time\" content=\"2021-03-22T02:50:47+00:00\" \/>\n<meta property=\"og:image\" content=\"https:\/\/inte.pucp.edu.pe\/wp-content\/uploads\/2020\/09\/amazonia.jpg\" \/>\n\t<meta property=\"og:image:width\" content=\"766\" \/>\n\t<meta property=\"og:image:height\" content=\"367\" \/>\n\t<meta property=\"og:image:type\" content=\"image\/jpeg\" \/>\n<meta name=\"twitter:card\" content=\"summary_large_image\" \/>\n<meta name=\"twitter:label1\" content=\"Est. reading time\" \/>\n\t<meta name=\"twitter:data1\" content=\"6 minutes\" \/>\n<script type=\"application\/ld+json\" class=\"yoast-schema-graph\">{\"@context\":\"https:\/\/schema.org\",\"@graph\":[{\"@type\":\"WebPage\",\"@id\":\"https:\/\/inte.pucp.edu.pe\/en\/noticias-y-eventos\/noticias\/el-acuerdo-de-escazu-es-necesario-para-mejorar-la-democracia-la-competitividad-y-la-atencion-de-las-necesidades-ambientales-del-pais\/\",\"url\":\"https:\/\/inte.pucp.edu.pe\/en\/noticias-y-eventos\/noticias\/el-acuerdo-de-escazu-es-necesario-para-mejorar-la-democracia-la-competitividad-y-la-atencion-de-las-necesidades-ambientales-del-pais\/\",\"name\":\"El Acuerdo de Escaz\u00fa es necesario para mejorar la democracia, la competitividad y la atenci\u00f3n de las necesidades ambientales del pa\u00eds. - Instituto de la Naturaleza, Tierra y Energ\u00eda (INTE-PUCP)\",\"isPartOf\":{\"@id\":\"https:\/\/inte.pucp.edu.pe\/en\/#website\"},\"primaryImageOfPage\":{\"@id\":\"https:\/\/inte.pucp.edu.pe\/en\/noticias-y-eventos\/noticias\/el-acuerdo-de-escazu-es-necesario-para-mejorar-la-democracia-la-competitividad-y-la-atencion-de-las-necesidades-ambientales-del-pais\/#primaryimage\"},\"image\":{\"@id\":\"https:\/\/inte.pucp.edu.pe\/noticias-y-eventos\/noticias\/el-acuerdo-de-escazu-es-necesario-para-mejorar-la-democracia-la-competitividad-y-la-atencion-de-las-necesidades-ambientales-del-pais\/#primaryimage\"},\"thumbnailUrl\":\"https:\/\/inte.pucp.edu.pe\/wp-content\/uploads\/2020\/09\/amazonia.jpg\",\"datePublished\":\"2020-09-28T16:26:20+00:00\",\"dateModified\":\"2021-03-22T02:50:47+00:00\",\"breadcrumb\":{\"@id\":\"https:\/\/inte.pucp.edu.pe\/en\/noticias-y-eventos\/noticias\/el-acuerdo-de-escazu-es-necesario-para-mejorar-la-democracia-la-competitividad-y-la-atencion-de-las-necesidades-ambientales-del-pais\/#breadcrumb\"},\"inLanguage\":\"en-US\",\"potentialAction\":[{\"@type\":\"ReadAction\",\"target\":[[\"https:\/\/inte.pucp.edu.pe\/en\/noticias-y-eventos\/noticias\/el-acuerdo-de-escazu-es-necesario-para-mejorar-la-democracia-la-competitividad-y-la-atencion-de-las-necesidades-ambientales-del-pais\/\"]]}]},{\"@type\":\"ImageObject\",\"inLanguage\":\"en-US\",\"@id\":\"https:\/\/inte.pucp.edu.pe\/en\/noticias-y-eventos\/noticias\/el-acuerdo-de-escazu-es-necesario-para-mejorar-la-democracia-la-competitividad-y-la-atencion-de-las-necesidades-ambientales-del-pais\/#primaryimage\",\"url\":\"https:\/\/inte.pucp.edu.pe\/wp-content\/uploads\/2020\/09\/amazonia.jpg\",\"contentUrl\":\"https:\/\/inte.pucp.edu.pe\/wp-content\/uploads\/2020\/09\/amazonia.jpg\",\"width\":766,\"height\":367},{\"@type\":\"BreadcrumbList\",\"@id\":\"https:\/\/inte.pucp.edu.pe\/en\/noticias-y-eventos\/noticias\/el-acuerdo-de-escazu-es-necesario-para-mejorar-la-democracia-la-competitividad-y-la-atencion-de-las-necesidades-ambientales-del-pais\/#breadcrumb\",\"itemListElement\":[{\"@type\":\"ListItem\",\"position\":1,\"name\":\"Portada\",\"item\":\"https:\/\/inte.pucp.edu.pe\/en\/\"},{\"@type\":\"ListItem\",\"position\":2,\"name\":\"El Acuerdo de Escaz\u00fa es necesario para mejorar la democracia, la competitividad y la atenci\u00f3n de las necesidades ambientales del pa\u00eds.\"}]},{\"@type\":\"WebSite\",\"@id\":\"https:\/\/inte.pucp.edu.pe\/en\/#website\",\"url\":\"https:\/\/inte.pucp.edu.pe\/en\/\",\"name\":\"Instituto de la Naturaleza, Tierra y Energ\u00eda (INTE-PUCP)\",\"description\":\"\",\"publisher\":{\"@id\":\"https:\/\/inte.pucp.edu.pe\/en\/#organization\"},\"potentialAction\":[{\"@type\":\"SearchAction\",\"target\":{\"@type\":\"EntryPoint\",\"urlTemplate\":\"https:\/\/inte.pucp.edu.pe\/en\/?s={search_term_string}\"},\"query-input\":{\"@type\":\"PropertyValueSpecification\",\"valueRequired\":true,\"valueName\":\"search_term_string\"}}],\"inLanguage\":\"en-US\"},{\"@type\":\"Organization\",\"@id\":\"https:\/\/inte.pucp.edu.pe\/en\/#organization\",\"name\":\"Instituto de la Naturaleza, Tierra y Energ\u00eda (INTE-PUCP)\",\"url\":\"https:\/\/inte.pucp.edu.pe\/en\/\",\"logo\":{\"@type\":\"ImageObject\",\"inLanguage\":\"en-US\",\"@id\":\"https:\/\/inte.pucp.edu.pe\/en\/#\/schema\/logo\/image\/\",\"url\":\"https:\/\/inte.pucp.edu.pe\/wp-content\/uploads\/2023\/02\/13-Conferencia-LCA-Foods-085-1-scaled.jpg\",\"contentUrl\":\"https:\/\/inte.pucp.edu.pe\/wp-content\/uploads\/2023\/02\/13-Conferencia-LCA-Foods-085-1-scaled.jpg\",\"width\":2560,\"height\":1707,\"caption\":\"Instituto de la Naturaleza, Tierra y Energ\u00eda (INTE-PUCP)\"},\"image\":{\"@id\":\"https:\/\/inte.pucp.edu.pe\/en\/#\/schema\/logo\/image\/\"}}]}<\/script>\n<!-- \/ Yoast SEO plugin. -->","yoast_head_json":{"title":"El Acuerdo de Escaz\u00fa es necesario para mejorar la democracia, la competitividad y la atenci\u00f3n de las necesidades ambientales del pa\u00eds. - Instituto de la Naturaleza, Tierra y Energ\u00eda (INTE-PUCP)","robots":{"index":"index","follow":"follow","max-snippet":"max-snippet:-1","max-image-preview":"max-image-preview:large","max-video-preview":"max-video-preview:-1"},"canonical":"https:\/\/inte.pucp.edu.pe\/en\/noticias-y-eventos\/noticias\/el-acuerdo-de-escazu-es-necesario-para-mejorar-la-democracia-la-competitividad-y-la-atencion-de-las-necesidades-ambientales-del-pais\/","og_locale":"en_US","og_type":"article","og_title":"El Acuerdo de Escaz\u00fa es necesario para mejorar la democracia, la competitividad y la atenci\u00f3n de las necesidades ambientales del pa\u00eds. - Instituto de la Naturaleza, Tierra y Energ\u00eda (INTE-PUCP)","og_description":"Foto: Fabi\u00e1n Limonchi En relaci\u00f3n con el proceso de ratificaci\u00f3n del Acuerdo Regional sobre el Acceso a la Informaci\u00f3n, la Participaci\u00f3n, P\u00fablica, y el Acceso a la Justicia en asuntos ambientales en Am\u00e9rica Latina y El Caribe (Acuerdo de Escaz\u00fa), a cargo del Congreso de la Rep\u00fablica, y teniendo en cuenta su importancia para garantizar [&hellip;]","og_url":"https:\/\/inte.pucp.edu.pe\/en\/noticias-y-eventos\/noticias\/el-acuerdo-de-escazu-es-necesario-para-mejorar-la-democracia-la-competitividad-y-la-atencion-de-las-necesidades-ambientales-del-pais\/","og_site_name":"Instituto de la Naturaleza, Tierra y Energ\u00eda (INTE-PUCP)","article_modified_time":"2021-03-22T02:50:47+00:00","og_image":[{"width":766,"height":367,"url":"https:\/\/inte.pucp.edu.pe\/wp-content\/uploads\/2020\/09\/amazonia.jpg","type":"image\/jpeg"}],"twitter_card":"summary_large_image","twitter_misc":{"Est. reading time":"6 minutes"},"schema":{"@context":"https:\/\/schema.org","@graph":[{"@type":"WebPage","@id":"https:\/\/inte.pucp.edu.pe\/en\/noticias-y-eventos\/noticias\/el-acuerdo-de-escazu-es-necesario-para-mejorar-la-democracia-la-competitividad-y-la-atencion-de-las-necesidades-ambientales-del-pais\/","url":"https:\/\/inte.pucp.edu.pe\/en\/noticias-y-eventos\/noticias\/el-acuerdo-de-escazu-es-necesario-para-mejorar-la-democracia-la-competitividad-y-la-atencion-de-las-necesidades-ambientales-del-pais\/","name":"El Acuerdo de Escaz\u00fa es necesario para mejorar la democracia, la competitividad y la atenci\u00f3n de las necesidades ambientales del pa\u00eds. - Instituto de la Naturaleza, Tierra y Energ\u00eda (INTE-PUCP)","isPartOf":{"@id":"https:\/\/inte.pucp.edu.pe\/en\/#website"},"primaryImageOfPage":{"@id":"https:\/\/inte.pucp.edu.pe\/en\/noticias-y-eventos\/noticias\/el-acuerdo-de-escazu-es-necesario-para-mejorar-la-democracia-la-competitividad-y-la-atencion-de-las-necesidades-ambientales-del-pais\/#primaryimage"},"image":{"@id":"https:\/\/inte.pucp.edu.pe\/noticias-y-eventos\/noticias\/el-acuerdo-de-escazu-es-necesario-para-mejorar-la-democracia-la-competitividad-y-la-atencion-de-las-necesidades-ambientales-del-pais\/#primaryimage"},"thumbnailUrl":"https:\/\/inte.pucp.edu.pe\/wp-content\/uploads\/2020\/09\/amazonia.jpg","datePublished":"2020-09-28T16:26:20+00:00","dateModified":"2021-03-22T02:50:47+00:00","breadcrumb":{"@id":"https:\/\/inte.pucp.edu.pe\/en\/noticias-y-eventos\/noticias\/el-acuerdo-de-escazu-es-necesario-para-mejorar-la-democracia-la-competitividad-y-la-atencion-de-las-necesidades-ambientales-del-pais\/#breadcrumb"},"inLanguage":"en-US","potentialAction":[{"@type":"ReadAction","target":[["https:\/\/inte.pucp.edu.pe\/en\/noticias-y-eventos\/noticias\/el-acuerdo-de-escazu-es-necesario-para-mejorar-la-democracia-la-competitividad-y-la-atencion-de-las-necesidades-ambientales-del-pais\/"]]}]},{"@type":"ImageObject","inLanguage":"en-US","@id":"https:\/\/inte.pucp.edu.pe\/en\/noticias-y-eventos\/noticias\/el-acuerdo-de-escazu-es-necesario-para-mejorar-la-democracia-la-competitividad-y-la-atencion-de-las-necesidades-ambientales-del-pais\/#primaryimage","url":"https:\/\/inte.pucp.edu.pe\/wp-content\/uploads\/2020\/09\/amazonia.jpg","contentUrl":"https:\/\/inte.pucp.edu.pe\/wp-content\/uploads\/2020\/09\/amazonia.jpg","width":766,"height":367},{"@type":"BreadcrumbList","@id":"https:\/\/inte.pucp.edu.pe\/en\/noticias-y-eventos\/noticias\/el-acuerdo-de-escazu-es-necesario-para-mejorar-la-democracia-la-competitividad-y-la-atencion-de-las-necesidades-ambientales-del-pais\/#breadcrumb","itemListElement":[{"@type":"ListItem","position":1,"name":"Portada","item":"https:\/\/inte.pucp.edu.pe\/en\/"},{"@type":"ListItem","position":2,"name":"El Acuerdo de Escaz\u00fa es necesario para mejorar la democracia, la competitividad y la atenci\u00f3n de las necesidades ambientales del pa\u00eds."}]},{"@type":"WebSite","@id":"https:\/\/inte.pucp.edu.pe\/en\/#website","url":"https:\/\/inte.pucp.edu.pe\/en\/","name":"Instituto de la Naturaleza, Tierra y Energ\u00eda (INTE-PUCP)","description":"","publisher":{"@id":"https:\/\/inte.pucp.edu.pe\/en\/#organization"},"potentialAction":[{"@type":"SearchAction","target":{"@type":"EntryPoint","urlTemplate":"https:\/\/inte.pucp.edu.pe\/en\/?s={search_term_string}"},"query-input":{"@type":"PropertyValueSpecification","valueRequired":true,"valueName":"search_term_string"}}],"inLanguage":"en-US"},{"@type":"Organization","@id":"https:\/\/inte.pucp.edu.pe\/en\/#organization","name":"Instituto de la Naturaleza, Tierra y Energ\u00eda (INTE-PUCP)","url":"https:\/\/inte.pucp.edu.pe\/en\/","logo":{"@type":"ImageObject","inLanguage":"en-US","@id":"https:\/\/inte.pucp.edu.pe\/en\/#\/schema\/logo\/image\/","url":"https:\/\/inte.pucp.edu.pe\/wp-content\/uploads\/2023\/02\/13-Conferencia-LCA-Foods-085-1-scaled.jpg","contentUrl":"https:\/\/inte.pucp.edu.pe\/wp-content\/uploads\/2023\/02\/13-Conferencia-LCA-Foods-085-1-scaled.jpg","width":2560,"height":1707,"caption":"Instituto de la Naturaleza, Tierra y Energ\u00eda (INTE-PUCP)"},"image":{"@id":"https:\/\/inte.pucp.edu.pe\/en\/#\/schema\/logo\/image\/"}}]}},"_links":{"self":[{"href":"https:\/\/inte.pucp.edu.pe\/en\/wp-json\/wp\/v2\/noticias\/204","targetHints":{"allow":["GET"]}}],"collection":[{"href":"https:\/\/inte.pucp.edu.pe\/en\/wp-json\/wp\/v2\/noticias"}],"about":[{"href":"https:\/\/inte.pucp.edu.pe\/en\/wp-json\/wp\/v2\/types\/noticias"}],"replies":[{"embeddable":true,"href":"https:\/\/inte.pucp.edu.pe\/en\/wp-json\/wp\/v2\/comments?post=204"}],"wp:featuredmedia":[{"embeddable":true,"href":"https:\/\/inte.pucp.edu.pe\/en\/wp-json\/wp\/v2\/media\/2170"}],"wp:attachment":[{"href":"https:\/\/inte.pucp.edu.pe\/en\/wp-json\/wp\/v2\/media?parent=204"}],"wp:term":[{"taxonomy":"tipo-noticia","embeddable":true,"href":"https:\/\/inte.pucp.edu.pe\/en\/wp-json\/wp\/v2\/tipo-noticia?post=204"},{"taxonomy":"etiqueta-noticia","embeddable":true,"href":"https:\/\/inte.pucp.edu.pe\/en\/wp-json\/wp\/v2\/etiqueta-noticia?post=204"}],"curies":[{"name":"wp","href":"https:\/\/api.w.org\/{rel}","templated":true}]}}