{"id":360,"date":"2018-08-06T15:54:16","date_gmt":"2018-08-06T15:54:16","guid":{"rendered":"https:\/\/inte.pucp.edu.pe\/noticias-y-eventos\/noticias\/tsese-grupo-de-investigacion-de-inte-pucp-participo-en-foro-sobre-cambio-climatico-y-agricultura-urbana-en-bolivia\/"},"modified":"2021-03-26T09:57:39","modified_gmt":"2021-03-26T09:57:39","slug":"tsese-grupo-de-investigacion-de-inte-pucp-participo-en-foro-sobre-cambio-climatico-y-agricultura-urbana-en-bolivia","status":"publish","type":"noticias","link":"https:\/\/inte.pucp.edu.pe\/en\/noticias-y-eventos\/noticias\/tsese-grupo-de-investigacion-de-inte-pucp-participo-en-foro-sobre-cambio-climatico-y-agricultura-urbana-en-bolivia\/","title":{"rendered":"TSESE grupo de investigaci\u00f3n de INTE-PUCP particip\u00f3 en foro sobre cambio clim\u00e1tico y agricultura urbana en Bolivia"},"comment_status":"closed","ping_status":"closed","template":"","tipo-noticia":[23],"etiqueta-noticia":[229,230,31,181,231],"class_list":["post-360","noticias","type-noticias","status-publish","hentry","tipo-noticia-noticias","etiqueta-noticia-agricultura-urbana","etiqueta-noticia-bolivia","etiqueta-noticia-cambio-climatico","etiqueta-noticia-grupo-tsese","etiqueta-noticia-kanata"],"acf":[],"_links":{"self":[{"href":"https:\/\/inte.pucp.edu.pe\/en\/wp-json\/wp\/v2\/noticias\/360","targetHints":{"allow":["GET"]}}],"collection":[{"href":"https:\/\/inte.pucp.edu.pe\/en\/wp-json\/wp\/v2\/noticias"}],"about":[{"href":"https:\/\/inte.pucp.edu.pe\/en\/wp-json\/wp\/v2\/types\/noticias"}],"replies":[{"embeddable":true,"href":"https:\/\/inte.pucp.edu.pe\/en\/wp-json\/wp\/v2\/comments?post=360"}],"wp:featuredmedia":[{"embeddable":true,"href":"https:\/\/inte.pucp.edu.pe\/en\/wp-json\/wp\/v2\/media\/359"}],"wp:attachment":[{"href":"https:\/\/inte.pucp.edu.pe\/en\/wp-json\/wp\/v2\/media?parent=360"}],"wp:term":[{"taxonomy":"tipo-noticia","embeddable":true,"href":"https:\/\/inte.pucp.edu.pe\/en\/wp-json\/wp\/v2\/tipo-noticia?post=360"},{"taxonomy":"etiqueta-noticia","embeddable":true,"href":"https:\/\/inte.pucp.edu.pe\/en\/wp-json\/wp\/v2\/etiqueta-noticia?post=360"}],"curies":[{"name":"wp","href":"https:\/\/api.w.org\/{rel}","templated":true}]}}