{"id":41433,"date":"2023-08-03T10:28:14","date_gmt":"2023-08-03T15:28:14","guid":{"rendered":"https:\/\/inte.pucp.edu.pe\/?post_type=noticias&#038;p=41433"},"modified":"2023-10-06T13:27:14","modified_gmt":"2023-10-06T18:27:14","slug":"por-que-son-tan-importantes-los-manglares","status":"publish","type":"noticias","link":"https:\/\/inte.pucp.edu.pe\/en\/noticias-y-eventos\/noticias\/por-que-son-tan-importantes-los-manglares\/","title":{"rendered":"\u00bfPor qu\u00e9 son tan importantes los manglares?"},"comment_status":"open","ping_status":"closed","template":"","tipo-noticia":[23],"etiqueta-noticia":[984,1188,200,46,68],"class_list":["post-41433","noticias","type-noticias","status-publish","hentry","tipo-noticia-noticias","etiqueta-noticia-adaptacion-al-cambio-climatico","etiqueta-noticia-ecosistemas-anfibios","etiqueta-noticia-gestion-del-agua","etiqueta-noticia-investigacion-ambiental","etiqueta-noticia-manglares"],"acf":[],"yoast_head":"<!-- This site is optimized with the Yoast SEO plugin v26.4 - https:\/\/yoast.com\/wordpress\/plugins\/seo\/ -->\n<title>\u00bfPor qu\u00e9 son tan importantes los manglares? - Instituto de la Naturaleza, Tierra y Energ\u00eda (INTE-PUCP)<\/title>\n<meta name=\"robots\" content=\"index, follow, max-snippet:-1, max-image-preview:large, max-video-preview:-1\" \/>\n<link rel=\"canonical\" href=\"https:\/\/inte.pucp.edu.pe\/en\/noticias-y-eventos\/noticias\/por-que-son-tan-importantes-los-manglares\/\" \/>\n<meta property=\"og:locale\" content=\"en_US\" \/>\n<meta property=\"og:type\" content=\"article\" \/>\n<meta property=\"og:title\" content=\"\u00bfPor qu\u00e9 son tan importantes los manglares? - Instituto de la Naturaleza, Tierra y Energ\u00eda (INTE-PUCP)\" \/>\n<meta property=\"og:description\" content=\"Texto: Daniel Contreras Zuloaga Este ecosistema, que en Per\u00fa\u00a0 se encuentra \u00fanicamente en el extremo norte de la costa, es esencial para la armon\u00eda del medio ambiente, por su gran aporte en la lucha contra el cambio clim\u00e1tico. Sin embargo, la intervenci\u00f3n humana y el desarrollo tur\u00edstico sin l\u00edmites, lo amenazan.\u00a0 Recientemente celebramos el D\u00eda [&hellip;]\" \/>\n<meta property=\"og:url\" content=\"https:\/\/inte.pucp.edu.pe\/en\/noticias-y-eventos\/noticias\/por-que-son-tan-importantes-los-manglares\/\" \/>\n<meta property=\"og:site_name\" content=\"Instituto de la Naturaleza, Tierra y Energ\u00eda (INTE-PUCP)\" \/>\n<meta property=\"article:modified_time\" content=\"2023-10-06T18:27:14+00:00\" \/>\n<meta property=\"og:image\" content=\"https:\/\/inte.pucp.edu.pe\/wp-content\/uploads\/2023\/08\/foto-1-mangl.jpg\" \/>\n\t<meta property=\"og:image:width\" content=\"1859\" \/>\n\t<meta property=\"og:image:height\" content=\"1234\" \/>\n\t<meta property=\"og:image:type\" content=\"image\/jpeg\" \/>\n<meta name=\"twitter:card\" content=\"summary_large_image\" \/>\n<meta name=\"twitter:label1\" content=\"Est. reading time\" \/>\n\t<meta name=\"twitter:data1\" content=\"12 minutes\" \/>\n<script type=\"application\/ld+json\" class=\"yoast-schema-graph\">{\"@context\":\"https:\/\/schema.org\",\"@graph\":[{\"@type\":\"WebPage\",\"@id\":\"https:\/\/inte.pucp.edu.pe\/en\/noticias-y-eventos\/noticias\/por-que-son-tan-importantes-los-manglares\/\",\"url\":\"https:\/\/inte.pucp.edu.pe\/en\/noticias-y-eventos\/noticias\/por-que-son-tan-importantes-los-manglares\/\",\"name\":\"\u00bfPor qu\u00e9 son tan importantes los manglares? - Instituto de la Naturaleza, Tierra y Energ\u00eda (INTE-PUCP)\",\"isPartOf\":{\"@id\":\"https:\/\/inte.pucp.edu.pe\/en\/#website\"},\"primaryImageOfPage\":{\"@id\":\"https:\/\/inte.pucp.edu.pe\/en\/noticias-y-eventos\/noticias\/por-que-son-tan-importantes-los-manglares\/#primaryimage\"},\"image\":{\"@id\":\"https:\/\/inte.pucp.edu.pe\/en\/noticias-y-eventos\/noticias\/por-que-son-tan-importantes-los-manglares\/#primaryimage\"},\"thumbnailUrl\":\"https:\/\/inte.pucp.edu.pe\/wp-content\/uploads\/2023\/08\/foto-1-mangl.jpg\",\"datePublished\":\"2023-08-03T15:28:14+00:00\",\"dateModified\":\"2023-10-06T18:27:14+00:00\",\"breadcrumb\":{\"@id\":\"https:\/\/inte.pucp.edu.pe\/en\/noticias-y-eventos\/noticias\/por-que-son-tan-importantes-los-manglares\/#breadcrumb\"},\"inLanguage\":\"en-US\",\"potentialAction\":[{\"@type\":\"ReadAction\",\"target\":[[\"https:\/\/inte.pucp.edu.pe\/en\/noticias-y-eventos\/noticias\/por-que-son-tan-importantes-los-manglares\/\"]]}]},{\"@type\":\"ImageObject\",\"inLanguage\":\"en-US\",\"@id\":\"https:\/\/inte.pucp.edu.pe\/en\/noticias-y-eventos\/noticias\/por-que-son-tan-importantes-los-manglares\/#primaryimage\",\"url\":\"https:\/\/inte.pucp.edu.pe\/wp-content\/uploads\/2023\/08\/foto-1-mangl.jpg\",\"contentUrl\":\"https:\/\/inte.pucp.edu.pe\/wp-content\/uploads\/2023\/08\/foto-1-mangl.jpg\",\"width\":1859,\"height\":1234},{\"@type\":\"BreadcrumbList\",\"@id\":\"https:\/\/inte.pucp.edu.pe\/en\/noticias-y-eventos\/noticias\/por-que-son-tan-importantes-los-manglares\/#breadcrumb\",\"itemListElement\":[{\"@type\":\"ListItem\",\"position\":1,\"name\":\"Portada\",\"item\":\"https:\/\/inte.pucp.edu.pe\/en\/\"},{\"@type\":\"ListItem\",\"position\":2,\"name\":\"\u00bfPor qu\u00e9 son tan importantes los manglares?\"}]},{\"@type\":\"WebSite\",\"@id\":\"https:\/\/inte.pucp.edu.pe\/en\/#website\",\"url\":\"https:\/\/inte.pucp.edu.pe\/en\/\",\"name\":\"Instituto de la Naturaleza, Tierra y Energ\u00eda (INTE-PUCP)\",\"description\":\"\",\"publisher\":{\"@id\":\"https:\/\/inte.pucp.edu.pe\/en\/#organization\"},\"potentialAction\":[{\"@type\":\"SearchAction\",\"target\":{\"@type\":\"EntryPoint\",\"urlTemplate\":\"https:\/\/inte.pucp.edu.pe\/en\/?s={search_term_string}\"},\"query-input\":{\"@type\":\"PropertyValueSpecification\",\"valueRequired\":true,\"valueName\":\"search_term_string\"}}],\"inLanguage\":\"en-US\"},{\"@type\":\"Organization\",\"@id\":\"https:\/\/inte.pucp.edu.pe\/en\/#organization\",\"name\":\"Instituto de la Naturaleza, Tierra y Energ\u00eda (INTE-PUCP)\",\"url\":\"https:\/\/inte.pucp.edu.pe\/en\/\",\"logo\":{\"@type\":\"ImageObject\",\"inLanguage\":\"en-US\",\"@id\":\"https:\/\/inte.pucp.edu.pe\/en\/#\/schema\/logo\/image\/\",\"url\":\"https:\/\/inte.pucp.edu.pe\/wp-content\/uploads\/2023\/02\/13-Conferencia-LCA-Foods-085-1-scaled.jpg\",\"contentUrl\":\"https:\/\/inte.pucp.edu.pe\/wp-content\/uploads\/2023\/02\/13-Conferencia-LCA-Foods-085-1-scaled.jpg\",\"width\":2560,\"height\":1707,\"caption\":\"Instituto de la Naturaleza, Tierra y Energ\u00eda (INTE-PUCP)\"},\"image\":{\"@id\":\"https:\/\/inte.pucp.edu.pe\/en\/#\/schema\/logo\/image\/\"}}]}<\/script>\n<!-- \/ Yoast SEO plugin. -->","yoast_head_json":{"title":"\u00bfPor qu\u00e9 son tan importantes los manglares? - Instituto de la Naturaleza, Tierra y Energ\u00eda (INTE-PUCP)","robots":{"index":"index","follow":"follow","max-snippet":"max-snippet:-1","max-image-preview":"max-image-preview:large","max-video-preview":"max-video-preview:-1"},"canonical":"https:\/\/inte.pucp.edu.pe\/en\/noticias-y-eventos\/noticias\/por-que-son-tan-importantes-los-manglares\/","og_locale":"en_US","og_type":"article","og_title":"\u00bfPor qu\u00e9 son tan importantes los manglares? - Instituto de la Naturaleza, Tierra y Energ\u00eda (INTE-PUCP)","og_description":"Texto: Daniel Contreras Zuloaga Este ecosistema, que en Per\u00fa\u00a0 se encuentra \u00fanicamente en el extremo norte de la costa, es esencial para la armon\u00eda del medio ambiente, por su gran aporte en la lucha contra el cambio clim\u00e1tico. Sin embargo, la intervenci\u00f3n humana y el desarrollo tur\u00edstico sin l\u00edmites, lo amenazan.\u00a0 Recientemente celebramos el D\u00eda [&hellip;]","og_url":"https:\/\/inte.pucp.edu.pe\/en\/noticias-y-eventos\/noticias\/por-que-son-tan-importantes-los-manglares\/","og_site_name":"Instituto de la Naturaleza, Tierra y Energ\u00eda (INTE-PUCP)","article_modified_time":"2023-10-06T18:27:14+00:00","og_image":[{"width":1859,"height":1234,"url":"https:\/\/inte.pucp.edu.pe\/wp-content\/uploads\/2023\/08\/foto-1-mangl.jpg","type":"image\/jpeg"}],"twitter_card":"summary_large_image","twitter_misc":{"Est. reading time":"12 minutes"},"schema":{"@context":"https:\/\/schema.org","@graph":[{"@type":"WebPage","@id":"https:\/\/inte.pucp.edu.pe\/en\/noticias-y-eventos\/noticias\/por-que-son-tan-importantes-los-manglares\/","url":"https:\/\/inte.pucp.edu.pe\/en\/noticias-y-eventos\/noticias\/por-que-son-tan-importantes-los-manglares\/","name":"\u00bfPor qu\u00e9 son tan importantes los manglares? - Instituto de la Naturaleza, Tierra y Energ\u00eda (INTE-PUCP)","isPartOf":{"@id":"https:\/\/inte.pucp.edu.pe\/en\/#website"},"primaryImageOfPage":{"@id":"https:\/\/inte.pucp.edu.pe\/en\/noticias-y-eventos\/noticias\/por-que-son-tan-importantes-los-manglares\/#primaryimage"},"image":{"@id":"https:\/\/inte.pucp.edu.pe\/en\/noticias-y-eventos\/noticias\/por-que-son-tan-importantes-los-manglares\/#primaryimage"},"thumbnailUrl":"https:\/\/inte.pucp.edu.pe\/wp-content\/uploads\/2023\/08\/foto-1-mangl.jpg","datePublished":"2023-08-03T15:28:14+00:00","dateModified":"2023-10-06T18:27:14+00:00","breadcrumb":{"@id":"https:\/\/inte.pucp.edu.pe\/en\/noticias-y-eventos\/noticias\/por-que-son-tan-importantes-los-manglares\/#breadcrumb"},"inLanguage":"en-US","potentialAction":[{"@type":"ReadAction","target":[["https:\/\/inte.pucp.edu.pe\/en\/noticias-y-eventos\/noticias\/por-que-son-tan-importantes-los-manglares\/"]]}]},{"@type":"ImageObject","inLanguage":"en-US","@id":"https:\/\/inte.pucp.edu.pe\/en\/noticias-y-eventos\/noticias\/por-que-son-tan-importantes-los-manglares\/#primaryimage","url":"https:\/\/inte.pucp.edu.pe\/wp-content\/uploads\/2023\/08\/foto-1-mangl.jpg","contentUrl":"https:\/\/inte.pucp.edu.pe\/wp-content\/uploads\/2023\/08\/foto-1-mangl.jpg","width":1859,"height":1234},{"@type":"BreadcrumbList","@id":"https:\/\/inte.pucp.edu.pe\/en\/noticias-y-eventos\/noticias\/por-que-son-tan-importantes-los-manglares\/#breadcrumb","itemListElement":[{"@type":"ListItem","position":1,"name":"Portada","item":"https:\/\/inte.pucp.edu.pe\/en\/"},{"@type":"ListItem","position":2,"name":"\u00bfPor qu\u00e9 son tan importantes los manglares?"}]},{"@type":"WebSite","@id":"https:\/\/inte.pucp.edu.pe\/en\/#website","url":"https:\/\/inte.pucp.edu.pe\/en\/","name":"Instituto de la Naturaleza, Tierra y Energ\u00eda (INTE-PUCP)","description":"","publisher":{"@id":"https:\/\/inte.pucp.edu.pe\/en\/#organization"},"potentialAction":[{"@type":"SearchAction","target":{"@type":"EntryPoint","urlTemplate":"https:\/\/inte.pucp.edu.pe\/en\/?s={search_term_string}"},"query-input":{"@type":"PropertyValueSpecification","valueRequired":true,"valueName":"search_term_string"}}],"inLanguage":"en-US"},{"@type":"Organization","@id":"https:\/\/inte.pucp.edu.pe\/en\/#organization","name":"Instituto de la Naturaleza, Tierra y Energ\u00eda (INTE-PUCP)","url":"https:\/\/inte.pucp.edu.pe\/en\/","logo":{"@type":"ImageObject","inLanguage":"en-US","@id":"https:\/\/inte.pucp.edu.pe\/en\/#\/schema\/logo\/image\/","url":"https:\/\/inte.pucp.edu.pe\/wp-content\/uploads\/2023\/02\/13-Conferencia-LCA-Foods-085-1-scaled.jpg","contentUrl":"https:\/\/inte.pucp.edu.pe\/wp-content\/uploads\/2023\/02\/13-Conferencia-LCA-Foods-085-1-scaled.jpg","width":2560,"height":1707,"caption":"Instituto de la Naturaleza, Tierra y Energ\u00eda (INTE-PUCP)"},"image":{"@id":"https:\/\/inte.pucp.edu.pe\/en\/#\/schema\/logo\/image\/"}}]}},"_links":{"self":[{"href":"https:\/\/inte.pucp.edu.pe\/en\/wp-json\/wp\/v2\/noticias\/41433","targetHints":{"allow":["GET"]}}],"collection":[{"href":"https:\/\/inte.pucp.edu.pe\/en\/wp-json\/wp\/v2\/noticias"}],"about":[{"href":"https:\/\/inte.pucp.edu.pe\/en\/wp-json\/wp\/v2\/types\/noticias"}],"replies":[{"embeddable":true,"href":"https:\/\/inte.pucp.edu.pe\/en\/wp-json\/wp\/v2\/comments?post=41433"}],"wp:featuredmedia":[{"embeddable":true,"href":"https:\/\/inte.pucp.edu.pe\/en\/wp-json\/wp\/v2\/media\/41438"}],"wp:attachment":[{"href":"https:\/\/inte.pucp.edu.pe\/en\/wp-json\/wp\/v2\/media?parent=41433"}],"wp:term":[{"taxonomy":"tipo-noticia","embeddable":true,"href":"https:\/\/inte.pucp.edu.pe\/en\/wp-json\/wp\/v2\/tipo-noticia?post=41433"},{"taxonomy":"etiqueta-noticia","embeddable":true,"href":"https:\/\/inte.pucp.edu.pe\/en\/wp-json\/wp\/v2\/etiqueta-noticia?post=41433"}],"curies":[{"name":"wp","href":"https:\/\/api.w.org\/{rel}","templated":true}]}}