{"id":41967,"date":"2023-08-07T12:04:16","date_gmt":"2023-08-07T17:04:16","guid":{"rendered":"https:\/\/inte.pucp.edu.pe\/?post_type=noticias&#038;p=41967"},"modified":"2023-10-06T13:19:26","modified_gmt":"2023-10-06T18:19:26","slug":"adios-al-carbono-como-puede-peru-adoptar-una-economia-verde","status":"publish","type":"noticias","link":"https:\/\/inte.pucp.edu.pe\/en\/noticias-y-eventos\/noticias\/adios-al-carbono-como-puede-peru-adoptar-una-economia-verde\/","title":{"rendered":"Adi\u00f3s al carbono: \u00bfc\u00f3mo puede Per\u00fa adoptar una econom\u00eda verde?"},"comment_status":"open","ping_status":"closed","template":"","tipo-noticia":[23],"etiqueta-noticia":[1189,464,243,133,134],"class_list":["post-41967","noticias","type-noticias","status-publish","hentry","tipo-noticia-noticias","etiqueta-noticia-descarbonizacion","etiqueta-noticia-economia-ambiental","etiqueta-noticia-economia-ecologica","etiqueta-noticia-innovacion-tecnologica","etiqueta-noticia-politica-energetica"],"acf":[],"_links":{"self":[{"href":"https:\/\/inte.pucp.edu.pe\/en\/wp-json\/wp\/v2\/noticias\/41967","targetHints":{"allow":["GET"]}}],"collection":[{"href":"https:\/\/inte.pucp.edu.pe\/en\/wp-json\/wp\/v2\/noticias"}],"about":[{"href":"https:\/\/inte.pucp.edu.pe\/en\/wp-json\/wp\/v2\/types\/noticias"}],"replies":[{"embeddable":true,"href":"https:\/\/inte.pucp.edu.pe\/en\/wp-json\/wp\/v2\/comments?post=41967"}],"wp:featuredmedia":[{"embeddable":true,"href":"https:\/\/inte.pucp.edu.pe\/en\/wp-json\/wp\/v2\/media\/41973"}],"wp:attachment":[{"href":"https:\/\/inte.pucp.edu.pe\/en\/wp-json\/wp\/v2\/media?parent=41967"}],"wp:term":[{"taxonomy":"tipo-noticia","embeddable":true,"href":"https:\/\/inte.pucp.edu.pe\/en\/wp-json\/wp\/v2\/tipo-noticia?post=41967"},{"taxonomy":"etiqueta-noticia","embeddable":true,"href":"https:\/\/inte.pucp.edu.pe\/en\/wp-json\/wp\/v2\/etiqueta-noticia?post=41967"}],"curies":[{"name":"wp","href":"https:\/\/api.w.org\/{rel}","templated":true}]}}