{"id":433,"date":"2017-08-25T08:00:59","date_gmt":"2017-08-25T08:00:59","guid":{"rendered":"https:\/\/inte.pucp.edu.pe\/noticias-y-eventos\/noticias\/expoamazonica-2017-urphy-vasquez-investigadora-inte-pucp-participo-en-el-panel-sobre-energizacion-rural-y-desarrollo-humano-sostenible\/"},"modified":"2021-03-26T14:35:51","modified_gmt":"2021-03-26T14:35:51","slug":"expoamazonica-2017-urphy-vasquez-investigadora-inte-pucp-participo-en-el-panel-sobre-energizacion-rural-y-desarrollo-humano-sostenible","status":"publish","type":"noticias","link":"https:\/\/inte.pucp.edu.pe\/en\/noticias-y-eventos\/noticias\/expoamazonica-2017-urphy-vasquez-investigadora-inte-pucp-participo-en-el-panel-sobre-energizacion-rural-y-desarrollo-humano-sostenible\/","title":{"rendered":"ExpoAmaz\u00f3nica 2017 | Urphy V\u00e1squez, investigadora INTE-PUCP, particip\u00f3 en el panel sobre Energizaci\u00f3n Rural y Desarrollo Humano Sostenible"},"comment_status":"closed","ping_status":"closed","template":"","tipo-noticia":[23],"etiqueta-noticia":[77,308,90,309,310,311],"class_list":["post-433","noticias","type-noticias","status-publish","hentry","tipo-noticia-noticias","etiqueta-noticia-amazonia-peruana","etiqueta-noticia-competitividad","etiqueta-noticia-conservacion-del-ambiente","etiqueta-noticia-desarrollo","etiqueta-noticia-expoamazonica","etiqueta-noticia-turismo"],"acf":[],"_links":{"self":[{"href":"https:\/\/inte.pucp.edu.pe\/en\/wp-json\/wp\/v2\/noticias\/433","targetHints":{"allow":["GET"]}}],"collection":[{"href":"https:\/\/inte.pucp.edu.pe\/en\/wp-json\/wp\/v2\/noticias"}],"about":[{"href":"https:\/\/inte.pucp.edu.pe\/en\/wp-json\/wp\/v2\/types\/noticias"}],"replies":[{"embeddable":true,"href":"https:\/\/inte.pucp.edu.pe\/en\/wp-json\/wp\/v2\/comments?post=433"}],"wp:featuredmedia":[{"embeddable":true,"href":"https:\/\/inte.pucp.edu.pe\/en\/wp-json\/wp\/v2\/media\/432"}],"wp:attachment":[{"href":"https:\/\/inte.pucp.edu.pe\/en\/wp-json\/wp\/v2\/media?parent=433"}],"wp:term":[{"taxonomy":"tipo-noticia","embeddable":true,"href":"https:\/\/inte.pucp.edu.pe\/en\/wp-json\/wp\/v2\/tipo-noticia?post=433"},{"taxonomy":"etiqueta-noticia","embeddable":true,"href":"https:\/\/inte.pucp.edu.pe\/en\/wp-json\/wp\/v2\/etiqueta-noticia?post=433"}],"curies":[{"name":"wp","href":"https:\/\/api.w.org\/{rel}","templated":true}]}}