{"id":4365,"date":"2021-05-04T13:04:54","date_gmt":"2021-05-04T18:04:54","guid":{"rendered":"https:\/\/inte.pucp.edu.pe\/?post_type=noticias&#038;p=4365"},"modified":"2021-05-12T12:21:49","modified_gmt":"2021-05-12T17:21:49","slug":"comunidad-pucp-postula-al-musuq-wayra-festival-de-iniciativas-ambientales-2021","status":"publish","type":"noticias","link":"https:\/\/inte.pucp.edu.pe\/en\/noticias-y-eventos\/noticias\/comunidad-pucp-postula-al-musuq-wayra-festival-de-iniciativas-ambientales-2021\/","title":{"rendered":"Comunidad PUCP | Postula al Musuq Wayra: Festival de Iniciativas Ambientales 2021"},"comment_status":"open","ping_status":"closed","template":"","tipo-noticia":[896],"etiqueta-noticia":[897,898,52,899],"class_list":["post-4365","noticias","type-noticias","status-publish","hentry","tipo-noticia-convocatoria","etiqueta-noticia-bicentenario-pucp","etiqueta-noticia-iniciativas-ambientales","etiqueta-noticia-medio-ambiente","etiqueta-noticia-semana-ambiental-pucp-2021"],"acf":[],"yoast_head":"<!-- This site is optimized with the Yoast SEO plugin v26.4 - https:\/\/yoast.com\/wordpress\/plugins\/seo\/ -->\n<title>Comunidad PUCP | Postula al Musuq Wayra: Festival de Iniciativas Ambientales 2021  - Instituto de la Naturaleza, Tierra y Energ\u00eda (INTE-PUCP)<\/title>\n<meta name=\"robots\" content=\"index, follow, max-snippet:-1, max-image-preview:large, max-video-preview:-1\" \/>\n<link rel=\"canonical\" href=\"https:\/\/inte.pucp.edu.pe\/en\/noticias-y-eventos\/noticias\/comunidad-pucp-postula-al-musuq-wayra-festival-de-iniciativas-ambientales-2021\/\" \/>\n<meta property=\"og:locale\" content=\"en_US\" \/>\n<meta property=\"og:type\" content=\"article\" \/>\n<meta property=\"og:title\" content=\"Comunidad PUCP | Postula al Musuq Wayra: Festival de Iniciativas Ambientales 2021  - Instituto de la Naturaleza, Tierra y Energ\u00eda (INTE-PUCP)\" \/>\n<meta property=\"og:description\" content=\"En el marco del Bicentenario y de la Semana Ambiental PUCP 2021, se convoca a los miembros de la comunidad PUCP (alumnos, docentes y personal administrativo) a exponer sus iniciativas, grupales o individuales, que busquen transformar positivamente la realidad ambiental de la comunidad universitaria, de la ciudad, regi\u00f3n o pa\u00eds. Las iniciativas se presentar\u00e1n en [&hellip;]\" \/>\n<meta property=\"og:url\" content=\"https:\/\/inte.pucp.edu.pe\/en\/noticias-y-eventos\/noticias\/comunidad-pucp-postula-al-musuq-wayra-festival-de-iniciativas-ambientales-2021\/\" \/>\n<meta property=\"og:site_name\" content=\"Instituto de la Naturaleza, Tierra y Energ\u00eda (INTE-PUCP)\" \/>\n<meta property=\"article:modified_time\" content=\"2021-05-12T17:21:49+00:00\" \/>\n<meta property=\"og:image\" content=\"https:\/\/inte.pucp.edu.pe\/wp-content\/uploads\/2021\/05\/logo_MusuqWayra.jpeg\" \/>\n\t<meta property=\"og:image:width\" content=\"577\" \/>\n\t<meta property=\"og:image:height\" content=\"381\" \/>\n\t<meta property=\"og:image:type\" content=\"image\/jpeg\" \/>\n<meta name=\"twitter:card\" content=\"summary_large_image\" \/>\n<meta name=\"twitter:label1\" content=\"Est. reading time\" \/>\n\t<meta name=\"twitter:data1\" content=\"2 minutes\" \/>\n<script type=\"application\/ld+json\" class=\"yoast-schema-graph\">{\"@context\":\"https:\/\/schema.org\",\"@graph\":[{\"@type\":\"WebPage\",\"@id\":\"https:\/\/inte.pucp.edu.pe\/en\/noticias-y-eventos\/noticias\/comunidad-pucp-postula-al-musuq-wayra-festival-de-iniciativas-ambientales-2021\/\",\"url\":\"https:\/\/inte.pucp.edu.pe\/en\/noticias-y-eventos\/noticias\/comunidad-pucp-postula-al-musuq-wayra-festival-de-iniciativas-ambientales-2021\/\",\"name\":\"Comunidad PUCP | Postula al Musuq Wayra: Festival de Iniciativas Ambientales 2021  - Instituto de la Naturaleza, Tierra y Energ\u00eda (INTE-PUCP)\",\"isPartOf\":{\"@id\":\"https:\/\/inte.pucp.edu.pe\/en\/#website\"},\"primaryImageOfPage\":{\"@id\":\"https:\/\/inte.pucp.edu.pe\/en\/noticias-y-eventos\/noticias\/comunidad-pucp-postula-al-musuq-wayra-festival-de-iniciativas-ambientales-2021\/#primaryimage\"},\"image\":{\"@id\":\"https:\/\/inte.pucp.edu.pe\/noticias-y-eventos\/noticias\/comunidad-pucp-postula-al-musuq-wayra-festival-de-iniciativas-ambientales-2021\/#primaryimage\"},\"thumbnailUrl\":\"https:\/\/inte.pucp.edu.pe\/wp-content\/uploads\/2021\/05\/logo_MusuqWayra.jpeg\",\"datePublished\":\"2021-05-04T18:04:54+00:00\",\"dateModified\":\"2021-05-12T17:21:49+00:00\",\"breadcrumb\":{\"@id\":\"https:\/\/inte.pucp.edu.pe\/en\/noticias-y-eventos\/noticias\/comunidad-pucp-postula-al-musuq-wayra-festival-de-iniciativas-ambientales-2021\/#breadcrumb\"},\"inLanguage\":\"en-US\",\"potentialAction\":[{\"@type\":\"ReadAction\",\"target\":[[\"https:\/\/inte.pucp.edu.pe\/en\/noticias-y-eventos\/noticias\/comunidad-pucp-postula-al-musuq-wayra-festival-de-iniciativas-ambientales-2021\/\"]]}]},{\"@type\":\"ImageObject\",\"inLanguage\":\"en-US\",\"@id\":\"https:\/\/inte.pucp.edu.pe\/en\/noticias-y-eventos\/noticias\/comunidad-pucp-postula-al-musuq-wayra-festival-de-iniciativas-ambientales-2021\/#primaryimage\",\"url\":\"https:\/\/inte.pucp.edu.pe\/wp-content\/uploads\/2021\/05\/logo_MusuqWayra.jpeg\",\"contentUrl\":\"https:\/\/inte.pucp.edu.pe\/wp-content\/uploads\/2021\/05\/logo_MusuqWayra.jpeg\",\"width\":577,\"height\":381},{\"@type\":\"BreadcrumbList\",\"@id\":\"https:\/\/inte.pucp.edu.pe\/en\/noticias-y-eventos\/noticias\/comunidad-pucp-postula-al-musuq-wayra-festival-de-iniciativas-ambientales-2021\/#breadcrumb\",\"itemListElement\":[{\"@type\":\"ListItem\",\"position\":1,\"name\":\"Portada\",\"item\":\"https:\/\/inte.pucp.edu.pe\/en\/\"},{\"@type\":\"ListItem\",\"position\":2,\"name\":\"Comunidad PUCP | Postula al Musuq Wayra: Festival de Iniciativas Ambientales 2021\"}]},{\"@type\":\"WebSite\",\"@id\":\"https:\/\/inte.pucp.edu.pe\/en\/#website\",\"url\":\"https:\/\/inte.pucp.edu.pe\/en\/\",\"name\":\"Instituto de la Naturaleza, Tierra y Energ\u00eda (INTE-PUCP)\",\"description\":\"\",\"publisher\":{\"@id\":\"https:\/\/inte.pucp.edu.pe\/en\/#organization\"},\"potentialAction\":[{\"@type\":\"SearchAction\",\"target\":{\"@type\":\"EntryPoint\",\"urlTemplate\":\"https:\/\/inte.pucp.edu.pe\/en\/?s={search_term_string}\"},\"query-input\":{\"@type\":\"PropertyValueSpecification\",\"valueRequired\":true,\"valueName\":\"search_term_string\"}}],\"inLanguage\":\"en-US\"},{\"@type\":\"Organization\",\"@id\":\"https:\/\/inte.pucp.edu.pe\/en\/#organization\",\"name\":\"Instituto de la Naturaleza, Tierra y Energ\u00eda (INTE-PUCP)\",\"url\":\"https:\/\/inte.pucp.edu.pe\/en\/\",\"logo\":{\"@type\":\"ImageObject\",\"inLanguage\":\"en-US\",\"@id\":\"https:\/\/inte.pucp.edu.pe\/en\/#\/schema\/logo\/image\/\",\"url\":\"https:\/\/inte.pucp.edu.pe\/wp-content\/uploads\/2023\/02\/13-Conferencia-LCA-Foods-085-1-scaled.jpg\",\"contentUrl\":\"https:\/\/inte.pucp.edu.pe\/wp-content\/uploads\/2023\/02\/13-Conferencia-LCA-Foods-085-1-scaled.jpg\",\"width\":2560,\"height\":1707,\"caption\":\"Instituto de la Naturaleza, Tierra y Energ\u00eda (INTE-PUCP)\"},\"image\":{\"@id\":\"https:\/\/inte.pucp.edu.pe\/en\/#\/schema\/logo\/image\/\"}}]}<\/script>\n<!-- \/ Yoast SEO plugin. -->","yoast_head_json":{"title":"Comunidad PUCP | Postula al Musuq Wayra: Festival de Iniciativas Ambientales 2021  - Instituto de la Naturaleza, Tierra y Energ\u00eda (INTE-PUCP)","robots":{"index":"index","follow":"follow","max-snippet":"max-snippet:-1","max-image-preview":"max-image-preview:large","max-video-preview":"max-video-preview:-1"},"canonical":"https:\/\/inte.pucp.edu.pe\/en\/noticias-y-eventos\/noticias\/comunidad-pucp-postula-al-musuq-wayra-festival-de-iniciativas-ambientales-2021\/","og_locale":"en_US","og_type":"article","og_title":"Comunidad PUCP | Postula al Musuq Wayra: Festival de Iniciativas Ambientales 2021  - Instituto de la Naturaleza, Tierra y Energ\u00eda (INTE-PUCP)","og_description":"En el marco del Bicentenario y de la Semana Ambiental PUCP 2021, se convoca a los miembros de la comunidad PUCP (alumnos, docentes y personal administrativo) a exponer sus iniciativas, grupales o individuales, que busquen transformar positivamente la realidad ambiental de la comunidad universitaria, de la ciudad, regi\u00f3n o pa\u00eds. Las iniciativas se presentar\u00e1n en [&hellip;]","og_url":"https:\/\/inte.pucp.edu.pe\/en\/noticias-y-eventos\/noticias\/comunidad-pucp-postula-al-musuq-wayra-festival-de-iniciativas-ambientales-2021\/","og_site_name":"Instituto de la Naturaleza, Tierra y Energ\u00eda (INTE-PUCP)","article_modified_time":"2021-05-12T17:21:49+00:00","og_image":[{"width":577,"height":381,"url":"https:\/\/inte.pucp.edu.pe\/wp-content\/uploads\/2021\/05\/logo_MusuqWayra.jpeg","type":"image\/jpeg"}],"twitter_card":"summary_large_image","twitter_misc":{"Est. reading time":"2 minutes"},"schema":{"@context":"https:\/\/schema.org","@graph":[{"@type":"WebPage","@id":"https:\/\/inte.pucp.edu.pe\/en\/noticias-y-eventos\/noticias\/comunidad-pucp-postula-al-musuq-wayra-festival-de-iniciativas-ambientales-2021\/","url":"https:\/\/inte.pucp.edu.pe\/en\/noticias-y-eventos\/noticias\/comunidad-pucp-postula-al-musuq-wayra-festival-de-iniciativas-ambientales-2021\/","name":"Comunidad PUCP | Postula al Musuq Wayra: Festival de Iniciativas Ambientales 2021  - Instituto de la Naturaleza, Tierra y Energ\u00eda (INTE-PUCP)","isPartOf":{"@id":"https:\/\/inte.pucp.edu.pe\/en\/#website"},"primaryImageOfPage":{"@id":"https:\/\/inte.pucp.edu.pe\/en\/noticias-y-eventos\/noticias\/comunidad-pucp-postula-al-musuq-wayra-festival-de-iniciativas-ambientales-2021\/#primaryimage"},"image":{"@id":"https:\/\/inte.pucp.edu.pe\/noticias-y-eventos\/noticias\/comunidad-pucp-postula-al-musuq-wayra-festival-de-iniciativas-ambientales-2021\/#primaryimage"},"thumbnailUrl":"https:\/\/inte.pucp.edu.pe\/wp-content\/uploads\/2021\/05\/logo_MusuqWayra.jpeg","datePublished":"2021-05-04T18:04:54+00:00","dateModified":"2021-05-12T17:21:49+00:00","breadcrumb":{"@id":"https:\/\/inte.pucp.edu.pe\/en\/noticias-y-eventos\/noticias\/comunidad-pucp-postula-al-musuq-wayra-festival-de-iniciativas-ambientales-2021\/#breadcrumb"},"inLanguage":"en-US","potentialAction":[{"@type":"ReadAction","target":[["https:\/\/inte.pucp.edu.pe\/en\/noticias-y-eventos\/noticias\/comunidad-pucp-postula-al-musuq-wayra-festival-de-iniciativas-ambientales-2021\/"]]}]},{"@type":"ImageObject","inLanguage":"en-US","@id":"https:\/\/inte.pucp.edu.pe\/en\/noticias-y-eventos\/noticias\/comunidad-pucp-postula-al-musuq-wayra-festival-de-iniciativas-ambientales-2021\/#primaryimage","url":"https:\/\/inte.pucp.edu.pe\/wp-content\/uploads\/2021\/05\/logo_MusuqWayra.jpeg","contentUrl":"https:\/\/inte.pucp.edu.pe\/wp-content\/uploads\/2021\/05\/logo_MusuqWayra.jpeg","width":577,"height":381},{"@type":"BreadcrumbList","@id":"https:\/\/inte.pucp.edu.pe\/en\/noticias-y-eventos\/noticias\/comunidad-pucp-postula-al-musuq-wayra-festival-de-iniciativas-ambientales-2021\/#breadcrumb","itemListElement":[{"@type":"ListItem","position":1,"name":"Portada","item":"https:\/\/inte.pucp.edu.pe\/en\/"},{"@type":"ListItem","position":2,"name":"Comunidad PUCP | Postula al Musuq Wayra: Festival de Iniciativas Ambientales 2021"}]},{"@type":"WebSite","@id":"https:\/\/inte.pucp.edu.pe\/en\/#website","url":"https:\/\/inte.pucp.edu.pe\/en\/","name":"Instituto de la Naturaleza, Tierra y Energ\u00eda (INTE-PUCP)","description":"","publisher":{"@id":"https:\/\/inte.pucp.edu.pe\/en\/#organization"},"potentialAction":[{"@type":"SearchAction","target":{"@type":"EntryPoint","urlTemplate":"https:\/\/inte.pucp.edu.pe\/en\/?s={search_term_string}"},"query-input":{"@type":"PropertyValueSpecification","valueRequired":true,"valueName":"search_term_string"}}],"inLanguage":"en-US"},{"@type":"Organization","@id":"https:\/\/inte.pucp.edu.pe\/en\/#organization","name":"Instituto de la Naturaleza, Tierra y Energ\u00eda (INTE-PUCP)","url":"https:\/\/inte.pucp.edu.pe\/en\/","logo":{"@type":"ImageObject","inLanguage":"en-US","@id":"https:\/\/inte.pucp.edu.pe\/en\/#\/schema\/logo\/image\/","url":"https:\/\/inte.pucp.edu.pe\/wp-content\/uploads\/2023\/02\/13-Conferencia-LCA-Foods-085-1-scaled.jpg","contentUrl":"https:\/\/inte.pucp.edu.pe\/wp-content\/uploads\/2023\/02\/13-Conferencia-LCA-Foods-085-1-scaled.jpg","width":2560,"height":1707,"caption":"Instituto de la Naturaleza, Tierra y Energ\u00eda (INTE-PUCP)"},"image":{"@id":"https:\/\/inte.pucp.edu.pe\/en\/#\/schema\/logo\/image\/"}}]}},"_links":{"self":[{"href":"https:\/\/inte.pucp.edu.pe\/en\/wp-json\/wp\/v2\/noticias\/4365","targetHints":{"allow":["GET"]}}],"collection":[{"href":"https:\/\/inte.pucp.edu.pe\/en\/wp-json\/wp\/v2\/noticias"}],"about":[{"href":"https:\/\/inte.pucp.edu.pe\/en\/wp-json\/wp\/v2\/types\/noticias"}],"replies":[{"embeddable":true,"href":"https:\/\/inte.pucp.edu.pe\/en\/wp-json\/wp\/v2\/comments?post=4365"}],"wp:featuredmedia":[{"embeddable":true,"href":"https:\/\/inte.pucp.edu.pe\/en\/wp-json\/wp\/v2\/media\/4361"}],"wp:attachment":[{"href":"https:\/\/inte.pucp.edu.pe\/en\/wp-json\/wp\/v2\/media?parent=4365"}],"wp:term":[{"taxonomy":"tipo-noticia","embeddable":true,"href":"https:\/\/inte.pucp.edu.pe\/en\/wp-json\/wp\/v2\/tipo-noticia?post=4365"},{"taxonomy":"etiqueta-noticia","embeddable":true,"href":"https:\/\/inte.pucp.edu.pe\/en\/wp-json\/wp\/v2\/etiqueta-noticia?post=4365"}],"curies":[{"name":"wp","href":"https:\/\/api.w.org\/{rel}","templated":true}]}}