{"id":439,"date":"2017-08-23T10:00:37","date_gmt":"2017-08-23T10:00:37","guid":{"rendered":"https:\/\/inte.pucp.edu.pe\/noticias-y-eventos\/noticias\/inte-pucp-coorganizo-el-foro-internacional-de-ciencias-sociales-dialogos-interdisciplinarios-sobre-el-cambio-climatico-desastres-y-gobernanza\/"},"modified":"2021-03-26T14:31:23","modified_gmt":"2021-03-26T14:31:23","slug":"inte-pucp-coorganizo-el-foro-internacional-de-ciencias-sociales-dialogos-interdisciplinarios-sobre-el-cambio-climatico-desastres-y-gobernanza","status":"publish","type":"noticias","link":"https:\/\/inte.pucp.edu.pe\/en\/noticias-y-eventos\/noticias\/inte-pucp-coorganizo-el-foro-internacional-de-ciencias-sociales-dialogos-interdisciplinarios-sobre-el-cambio-climatico-desastres-y-gobernanza\/","title":{"rendered":"INTE-PUCP coorganiz\u00f3 el Foro Internacional de Ciencias Sociales: Di\u00e1logos Interdisciplinarios sobre el Cambio Clim\u00e1tico, Desastres y Gobernanza"},"comment_status":"closed","ping_status":"closed","template":"","tipo-noticia":[23],"etiqueta-noticia":[31,284,60],"class_list":["post-439","noticias","type-noticias","status-publish","hentry","tipo-noticia-noticias","etiqueta-noticia-cambio-climatico","etiqueta-noticia-desastres-naturales","etiqueta-noticia-gobernanza"],"acf":[],"_links":{"self":[{"href":"https:\/\/inte.pucp.edu.pe\/en\/wp-json\/wp\/v2\/noticias\/439","targetHints":{"allow":["GET"]}}],"collection":[{"href":"https:\/\/inte.pucp.edu.pe\/en\/wp-json\/wp\/v2\/noticias"}],"about":[{"href":"https:\/\/inte.pucp.edu.pe\/en\/wp-json\/wp\/v2\/types\/noticias"}],"replies":[{"embeddable":true,"href":"https:\/\/inte.pucp.edu.pe\/en\/wp-json\/wp\/v2\/comments?post=439"}],"wp:featuredmedia":[{"embeddable":true,"href":"https:\/\/inte.pucp.edu.pe\/en\/wp-json\/wp\/v2\/media\/2237"}],"wp:attachment":[{"href":"https:\/\/inte.pucp.edu.pe\/en\/wp-json\/wp\/v2\/media?parent=439"}],"wp:term":[{"taxonomy":"tipo-noticia","embeddable":true,"href":"https:\/\/inte.pucp.edu.pe\/en\/wp-json\/wp\/v2\/tipo-noticia?post=439"},{"taxonomy":"etiqueta-noticia","embeddable":true,"href":"https:\/\/inte.pucp.edu.pe\/en\/wp-json\/wp\/v2\/etiqueta-noticia?post=439"}],"curies":[{"name":"wp","href":"https:\/\/api.w.org\/{rel}","templated":true}]}}