{"id":45771,"date":"2023-10-24T11:53:39","date_gmt":"2023-10-24T16:53:39","guid":{"rendered":"https:\/\/inte.pucp.edu.pe\/?post_type=noticias&#038;p=45771"},"modified":"2023-10-24T12:06:46","modified_gmt":"2023-10-24T17:06:46","slug":"conclusiones-del-xii-kawsaypacha-2023-de-la-gestion-a-la-prevencion-de-las-crisis-y-desastres-futuros","status":"publish","type":"noticias","link":"https:\/\/inte.pucp.edu.pe\/en\/noticias-y-eventos\/noticias\/conclusiones-del-xii-kawsaypacha-2023-de-la-gestion-a-la-prevencion-de-las-crisis-y-desastres-futuros\/","title":{"rendered":"Conclusiones del XII Kawsaypacha 2023: De la gesti\u00f3n a la prevenci\u00f3n de las crisis y desastres futuros"},"comment_status":"open","ping_status":"closed","template":"","tipo-noticia":[23],"etiqueta-noticia":[1190,289,902,414,206,1241,1159,268],"class_list":["post-45771","noticias","type-noticias","status-publish","hentry","tipo-noticia-noticias","etiqueta-noticia-crisis-ambiental","etiqueta-noticia-gestion-de-riesgos","etiqueta-noticia-gestion-de-riesgos-de-desastres","etiqueta-noticia-gestion-publica","etiqueta-noticia-kawsaypacha","etiqueta-noticia-mesa-de-reflexion-ambiental","etiqueta-noticia-peru-en-alerta","etiqueta-noticia-planes-de-gobierno"],"acf":[],"yoast_head":"<!-- This site is optimized with the Yoast SEO plugin v26.4 - https:\/\/yoast.com\/wordpress\/plugins\/seo\/ -->\n<title>Conclusiones del XII Kawsaypacha 2023: De la gesti\u00f3n a la prevenci\u00f3n de las crisis y desastres futuros - Instituto de la Naturaleza, Tierra y Energ\u00eda (INTE-PUCP)<\/title>\n<meta name=\"robots\" content=\"index, follow, max-snippet:-1, max-image-preview:large, max-video-preview:-1\" \/>\n<link rel=\"canonical\" href=\"https:\/\/inte.pucp.edu.pe\/en\/noticias-y-eventos\/noticias\/conclusiones-del-xii-kawsaypacha-2023-de-la-gestion-a-la-prevencion-de-las-crisis-y-desastres-futuros\/\" \/>\n<meta property=\"og:locale\" content=\"en_US\" \/>\n<meta property=\"og:type\" content=\"article\" \/>\n<meta property=\"og:title\" content=\"Conclusiones del XII Kawsaypacha 2023: De la gesti\u00f3n a la prevenci\u00f3n de las crisis y desastres futuros - Instituto de la Naturaleza, Tierra y Energ\u00eda (INTE-PUCP)\" \/>\n<meta property=\"og:description\" content=\"El 05, 12 y 19 de octubre se llev\u00f3 a cabo la Mesa de Reflexi\u00f3n Ambiental 2023, en el marco del evento anual n\u00famero XII Kawsaypacha 2023. En estas tres sesiones, se enfatiz\u00f3 en la importancia del di\u00e1logo academia \u2013 sector p\u00fablico \u2013 sector privado para gestionar riesgos y desastres en nuestro pa\u00eds. A continuaci\u00f3n, [&hellip;]\" \/>\n<meta property=\"og:url\" content=\"https:\/\/inte.pucp.edu.pe\/en\/noticias-y-eventos\/noticias\/conclusiones-del-xii-kawsaypacha-2023-de-la-gestion-a-la-prevencion-de-las-crisis-y-desastres-futuros\/\" \/>\n<meta property=\"og:site_name\" content=\"Instituto de la Naturaleza, Tierra y Energ\u00eda (INTE-PUCP)\" \/>\n<meta property=\"article:modified_time\" content=\"2023-10-24T17:06:46+00:00\" \/>\n<meta property=\"og:image\" content=\"https:\/\/inte.pucp.edu.pe\/wp-content\/uploads\/2023\/10\/Foto-web-1.jpg\" \/>\n\t<meta property=\"og:image:width\" content=\"1859\" \/>\n\t<meta property=\"og:image:height\" content=\"1234\" \/>\n\t<meta property=\"og:image:type\" content=\"image\/jpeg\" \/>\n<meta name=\"twitter:card\" content=\"summary_large_image\" \/>\n<meta name=\"twitter:label1\" content=\"Est. reading time\" \/>\n\t<meta name=\"twitter:data1\" content=\"12 minutes\" \/>\n<script type=\"application\/ld+json\" class=\"yoast-schema-graph\">{\"@context\":\"https:\/\/schema.org\",\"@graph\":[{\"@type\":\"WebPage\",\"@id\":\"https:\/\/inte.pucp.edu.pe\/en\/noticias-y-eventos\/noticias\/conclusiones-del-xii-kawsaypacha-2023-de-la-gestion-a-la-prevencion-de-las-crisis-y-desastres-futuros\/\",\"url\":\"https:\/\/inte.pucp.edu.pe\/en\/noticias-y-eventos\/noticias\/conclusiones-del-xii-kawsaypacha-2023-de-la-gestion-a-la-prevencion-de-las-crisis-y-desastres-futuros\/\",\"name\":\"Conclusiones del XII Kawsaypacha 2023: De la gesti\u00f3n a la prevenci\u00f3n de las crisis y desastres futuros - Instituto de la Naturaleza, Tierra y Energ\u00eda (INTE-PUCP)\",\"isPartOf\":{\"@id\":\"https:\/\/inte.pucp.edu.pe\/en\/#website\"},\"primaryImageOfPage\":{\"@id\":\"https:\/\/inte.pucp.edu.pe\/en\/noticias-y-eventos\/noticias\/conclusiones-del-xii-kawsaypacha-2023-de-la-gestion-a-la-prevencion-de-las-crisis-y-desastres-futuros\/#primaryimage\"},\"image\":{\"@id\":\"https:\/\/inte.pucp.edu.pe\/en\/noticias-y-eventos\/noticias\/conclusiones-del-xii-kawsaypacha-2023-de-la-gestion-a-la-prevencion-de-las-crisis-y-desastres-futuros\/#primaryimage\"},\"thumbnailUrl\":\"https:\/\/inte.pucp.edu.pe\/wp-content\/uploads\/2023\/10\/Foto-web-1.jpg\",\"datePublished\":\"2023-10-24T16:53:39+00:00\",\"dateModified\":\"2023-10-24T17:06:46+00:00\",\"breadcrumb\":{\"@id\":\"https:\/\/inte.pucp.edu.pe\/en\/noticias-y-eventos\/noticias\/conclusiones-del-xii-kawsaypacha-2023-de-la-gestion-a-la-prevencion-de-las-crisis-y-desastres-futuros\/#breadcrumb\"},\"inLanguage\":\"en-US\",\"potentialAction\":[{\"@type\":\"ReadAction\",\"target\":[[\"https:\/\/inte.pucp.edu.pe\/en\/noticias-y-eventos\/noticias\/conclusiones-del-xii-kawsaypacha-2023-de-la-gestion-a-la-prevencion-de-las-crisis-y-desastres-futuros\/\"]]}]},{\"@type\":\"ImageObject\",\"inLanguage\":\"en-US\",\"@id\":\"https:\/\/inte.pucp.edu.pe\/en\/noticias-y-eventos\/noticias\/conclusiones-del-xii-kawsaypacha-2023-de-la-gestion-a-la-prevencion-de-las-crisis-y-desastres-futuros\/#primaryimage\",\"url\":\"https:\/\/inte.pucp.edu.pe\/wp-content\/uploads\/2023\/10\/Foto-web-1.jpg\",\"contentUrl\":\"https:\/\/inte.pucp.edu.pe\/wp-content\/uploads\/2023\/10\/Foto-web-1.jpg\",\"width\":1859,\"height\":1234},{\"@type\":\"BreadcrumbList\",\"@id\":\"https:\/\/inte.pucp.edu.pe\/en\/noticias-y-eventos\/noticias\/conclusiones-del-xii-kawsaypacha-2023-de-la-gestion-a-la-prevencion-de-las-crisis-y-desastres-futuros\/#breadcrumb\",\"itemListElement\":[{\"@type\":\"ListItem\",\"position\":1,\"name\":\"Portada\",\"item\":\"https:\/\/inte.pucp.edu.pe\/en\/\"},{\"@type\":\"ListItem\",\"position\":2,\"name\":\"Conclusiones del XII Kawsaypacha 2023: De la gesti\u00f3n a la prevenci\u00f3n de las crisis y desastres futuros\"}]},{\"@type\":\"WebSite\",\"@id\":\"https:\/\/inte.pucp.edu.pe\/en\/#website\",\"url\":\"https:\/\/inte.pucp.edu.pe\/en\/\",\"name\":\"Instituto de la Naturaleza, Tierra y Energ\u00eda (INTE-PUCP)\",\"description\":\"\",\"publisher\":{\"@id\":\"https:\/\/inte.pucp.edu.pe\/en\/#organization\"},\"potentialAction\":[{\"@type\":\"SearchAction\",\"target\":{\"@type\":\"EntryPoint\",\"urlTemplate\":\"https:\/\/inte.pucp.edu.pe\/en\/?s={search_term_string}\"},\"query-input\":{\"@type\":\"PropertyValueSpecification\",\"valueRequired\":true,\"valueName\":\"search_term_string\"}}],\"inLanguage\":\"en-US\"},{\"@type\":\"Organization\",\"@id\":\"https:\/\/inte.pucp.edu.pe\/en\/#organization\",\"name\":\"Instituto de la Naturaleza, Tierra y Energ\u00eda (INTE-PUCP)\",\"url\":\"https:\/\/inte.pucp.edu.pe\/en\/\",\"logo\":{\"@type\":\"ImageObject\",\"inLanguage\":\"en-US\",\"@id\":\"https:\/\/inte.pucp.edu.pe\/en\/#\/schema\/logo\/image\/\",\"url\":\"https:\/\/inte.pucp.edu.pe\/wp-content\/uploads\/2023\/02\/13-Conferencia-LCA-Foods-085-1-scaled.jpg\",\"contentUrl\":\"https:\/\/inte.pucp.edu.pe\/wp-content\/uploads\/2023\/02\/13-Conferencia-LCA-Foods-085-1-scaled.jpg\",\"width\":2560,\"height\":1707,\"caption\":\"Instituto de la Naturaleza, Tierra y Energ\u00eda (INTE-PUCP)\"},\"image\":{\"@id\":\"https:\/\/inte.pucp.edu.pe\/en\/#\/schema\/logo\/image\/\"}}]}<\/script>\n<!-- \/ Yoast SEO plugin. -->","yoast_head_json":{"title":"Conclusiones del XII Kawsaypacha 2023: De la gesti\u00f3n a la prevenci\u00f3n de las crisis y desastres futuros - Instituto de la Naturaleza, Tierra y Energ\u00eda (INTE-PUCP)","robots":{"index":"index","follow":"follow","max-snippet":"max-snippet:-1","max-image-preview":"max-image-preview:large","max-video-preview":"max-video-preview:-1"},"canonical":"https:\/\/inte.pucp.edu.pe\/en\/noticias-y-eventos\/noticias\/conclusiones-del-xii-kawsaypacha-2023-de-la-gestion-a-la-prevencion-de-las-crisis-y-desastres-futuros\/","og_locale":"en_US","og_type":"article","og_title":"Conclusiones del XII Kawsaypacha 2023: De la gesti\u00f3n a la prevenci\u00f3n de las crisis y desastres futuros - Instituto de la Naturaleza, Tierra y Energ\u00eda (INTE-PUCP)","og_description":"El 05, 12 y 19 de octubre se llev\u00f3 a cabo la Mesa de Reflexi\u00f3n Ambiental 2023, en el marco del evento anual n\u00famero XII Kawsaypacha 2023. En estas tres sesiones, se enfatiz\u00f3 en la importancia del di\u00e1logo academia \u2013 sector p\u00fablico \u2013 sector privado para gestionar riesgos y desastres en nuestro pa\u00eds. A continuaci\u00f3n, [&hellip;]","og_url":"https:\/\/inte.pucp.edu.pe\/en\/noticias-y-eventos\/noticias\/conclusiones-del-xii-kawsaypacha-2023-de-la-gestion-a-la-prevencion-de-las-crisis-y-desastres-futuros\/","og_site_name":"Instituto de la Naturaleza, Tierra y Energ\u00eda (INTE-PUCP)","article_modified_time":"2023-10-24T17:06:46+00:00","og_image":[{"width":1859,"height":1234,"url":"https:\/\/inte.pucp.edu.pe\/wp-content\/uploads\/2023\/10\/Foto-web-1.jpg","type":"image\/jpeg"}],"twitter_card":"summary_large_image","twitter_misc":{"Est. reading time":"12 minutes"},"schema":{"@context":"https:\/\/schema.org","@graph":[{"@type":"WebPage","@id":"https:\/\/inte.pucp.edu.pe\/en\/noticias-y-eventos\/noticias\/conclusiones-del-xii-kawsaypacha-2023-de-la-gestion-a-la-prevencion-de-las-crisis-y-desastres-futuros\/","url":"https:\/\/inte.pucp.edu.pe\/en\/noticias-y-eventos\/noticias\/conclusiones-del-xii-kawsaypacha-2023-de-la-gestion-a-la-prevencion-de-las-crisis-y-desastres-futuros\/","name":"Conclusiones del XII Kawsaypacha 2023: De la gesti\u00f3n a la prevenci\u00f3n de las crisis y desastres futuros - Instituto de la Naturaleza, Tierra y Energ\u00eda (INTE-PUCP)","isPartOf":{"@id":"https:\/\/inte.pucp.edu.pe\/en\/#website"},"primaryImageOfPage":{"@id":"https:\/\/inte.pucp.edu.pe\/en\/noticias-y-eventos\/noticias\/conclusiones-del-xii-kawsaypacha-2023-de-la-gestion-a-la-prevencion-de-las-crisis-y-desastres-futuros\/#primaryimage"},"image":{"@id":"https:\/\/inte.pucp.edu.pe\/en\/noticias-y-eventos\/noticias\/conclusiones-del-xii-kawsaypacha-2023-de-la-gestion-a-la-prevencion-de-las-crisis-y-desastres-futuros\/#primaryimage"},"thumbnailUrl":"https:\/\/inte.pucp.edu.pe\/wp-content\/uploads\/2023\/10\/Foto-web-1.jpg","datePublished":"2023-10-24T16:53:39+00:00","dateModified":"2023-10-24T17:06:46+00:00","breadcrumb":{"@id":"https:\/\/inte.pucp.edu.pe\/en\/noticias-y-eventos\/noticias\/conclusiones-del-xii-kawsaypacha-2023-de-la-gestion-a-la-prevencion-de-las-crisis-y-desastres-futuros\/#breadcrumb"},"inLanguage":"en-US","potentialAction":[{"@type":"ReadAction","target":[["https:\/\/inte.pucp.edu.pe\/en\/noticias-y-eventos\/noticias\/conclusiones-del-xii-kawsaypacha-2023-de-la-gestion-a-la-prevencion-de-las-crisis-y-desastres-futuros\/"]]}]},{"@type":"ImageObject","inLanguage":"en-US","@id":"https:\/\/inte.pucp.edu.pe\/en\/noticias-y-eventos\/noticias\/conclusiones-del-xii-kawsaypacha-2023-de-la-gestion-a-la-prevencion-de-las-crisis-y-desastres-futuros\/#primaryimage","url":"https:\/\/inte.pucp.edu.pe\/wp-content\/uploads\/2023\/10\/Foto-web-1.jpg","contentUrl":"https:\/\/inte.pucp.edu.pe\/wp-content\/uploads\/2023\/10\/Foto-web-1.jpg","width":1859,"height":1234},{"@type":"BreadcrumbList","@id":"https:\/\/inte.pucp.edu.pe\/en\/noticias-y-eventos\/noticias\/conclusiones-del-xii-kawsaypacha-2023-de-la-gestion-a-la-prevencion-de-las-crisis-y-desastres-futuros\/#breadcrumb","itemListElement":[{"@type":"ListItem","position":1,"name":"Portada","item":"https:\/\/inte.pucp.edu.pe\/en\/"},{"@type":"ListItem","position":2,"name":"Conclusiones del XII Kawsaypacha 2023: De la gesti\u00f3n a la prevenci\u00f3n de las crisis y desastres futuros"}]},{"@type":"WebSite","@id":"https:\/\/inte.pucp.edu.pe\/en\/#website","url":"https:\/\/inte.pucp.edu.pe\/en\/","name":"Instituto de la Naturaleza, Tierra y Energ\u00eda (INTE-PUCP)","description":"","publisher":{"@id":"https:\/\/inte.pucp.edu.pe\/en\/#organization"},"potentialAction":[{"@type":"SearchAction","target":{"@type":"EntryPoint","urlTemplate":"https:\/\/inte.pucp.edu.pe\/en\/?s={search_term_string}"},"query-input":{"@type":"PropertyValueSpecification","valueRequired":true,"valueName":"search_term_string"}}],"inLanguage":"en-US"},{"@type":"Organization","@id":"https:\/\/inte.pucp.edu.pe\/en\/#organization","name":"Instituto de la Naturaleza, Tierra y Energ\u00eda (INTE-PUCP)","url":"https:\/\/inte.pucp.edu.pe\/en\/","logo":{"@type":"ImageObject","inLanguage":"en-US","@id":"https:\/\/inte.pucp.edu.pe\/en\/#\/schema\/logo\/image\/","url":"https:\/\/inte.pucp.edu.pe\/wp-content\/uploads\/2023\/02\/13-Conferencia-LCA-Foods-085-1-scaled.jpg","contentUrl":"https:\/\/inte.pucp.edu.pe\/wp-content\/uploads\/2023\/02\/13-Conferencia-LCA-Foods-085-1-scaled.jpg","width":2560,"height":1707,"caption":"Instituto de la Naturaleza, Tierra y Energ\u00eda (INTE-PUCP)"},"image":{"@id":"https:\/\/inte.pucp.edu.pe\/en\/#\/schema\/logo\/image\/"}}]}},"_links":{"self":[{"href":"https:\/\/inte.pucp.edu.pe\/en\/wp-json\/wp\/v2\/noticias\/45771","targetHints":{"allow":["GET"]}}],"collection":[{"href":"https:\/\/inte.pucp.edu.pe\/en\/wp-json\/wp\/v2\/noticias"}],"about":[{"href":"https:\/\/inte.pucp.edu.pe\/en\/wp-json\/wp\/v2\/types\/noticias"}],"replies":[{"embeddable":true,"href":"https:\/\/inte.pucp.edu.pe\/en\/wp-json\/wp\/v2\/comments?post=45771"}],"wp:featuredmedia":[{"embeddable":true,"href":"https:\/\/inte.pucp.edu.pe\/en\/wp-json\/wp\/v2\/media\/45778"}],"wp:attachment":[{"href":"https:\/\/inte.pucp.edu.pe\/en\/wp-json\/wp\/v2\/media?parent=45771"}],"wp:term":[{"taxonomy":"tipo-noticia","embeddable":true,"href":"https:\/\/inte.pucp.edu.pe\/en\/wp-json\/wp\/v2\/tipo-noticia?post=45771"},{"taxonomy":"etiqueta-noticia","embeddable":true,"href":"https:\/\/inte.pucp.edu.pe\/en\/wp-json\/wp\/v2\/etiqueta-noticia?post=45771"}],"curies":[{"name":"wp","href":"https:\/\/api.w.org\/{rel}","templated":true}]}}