{"id":47107,"date":"2023-12-06T16:30:54","date_gmt":"2023-12-06T21:30:54","guid":{"rendered":"https:\/\/inte.pucp.edu.pe\/?post_type=noticias&#038;p=47107"},"modified":"2023-12-06T16:31:31","modified_gmt":"2023-12-06T21:31:31","slug":"economias-ilegales-en-la-amazonia-escenarios-de-inflexion-para-las-comunidades-nativas","status":"publish","type":"noticias","link":"https:\/\/inte.pucp.edu.pe\/en\/noticias-y-eventos\/noticias\/economias-ilegales-en-la-amazonia-escenarios-de-inflexion-para-las-comunidades-nativas\/","title":{"rendered":"Econom\u00edas ilegales en la Amazon\u00eda: escenarios de inflexi\u00f3n para las comunidades nativas"},"comment_status":"open","ping_status":"closed","template":"","tipo-noticia":[23],"etiqueta-noticia":[77,1281,1279,1283],"class_list":["post-47107","noticias","type-noticias","status-publish","hentry","tipo-noticia-noticias","etiqueta-noticia-amazonia-peruana","etiqueta-noticia-comunidades-indigenas","etiqueta-noticia-economia-ilegal","etiqueta-noticia-protocolos-interculturales"],"acf":[],"_links":{"self":[{"href":"https:\/\/inte.pucp.edu.pe\/en\/wp-json\/wp\/v2\/noticias\/47107","targetHints":{"allow":["GET"]}}],"collection":[{"href":"https:\/\/inte.pucp.edu.pe\/en\/wp-json\/wp\/v2\/noticias"}],"about":[{"href":"https:\/\/inte.pucp.edu.pe\/en\/wp-json\/wp\/v2\/types\/noticias"}],"replies":[{"embeddable":true,"href":"https:\/\/inte.pucp.edu.pe\/en\/wp-json\/wp\/v2\/comments?post=47107"}],"wp:featuredmedia":[{"embeddable":true,"href":"https:\/\/inte.pucp.edu.pe\/en\/wp-json\/wp\/v2\/media\/47108"}],"wp:attachment":[{"href":"https:\/\/inte.pucp.edu.pe\/en\/wp-json\/wp\/v2\/media?parent=47107"}],"wp:term":[{"taxonomy":"tipo-noticia","embeddable":true,"href":"https:\/\/inte.pucp.edu.pe\/en\/wp-json\/wp\/v2\/tipo-noticia?post=47107"},{"taxonomy":"etiqueta-noticia","embeddable":true,"href":"https:\/\/inte.pucp.edu.pe\/en\/wp-json\/wp\/v2\/etiqueta-noticia?post=47107"}],"curies":[{"name":"wp","href":"https:\/\/api.w.org\/{rel}","templated":true}]}}