{"id":50879,"date":"2024-05-08T12:40:55","date_gmt":"2024-05-08T17:40:55","guid":{"rendered":"https:\/\/inte.pucp.edu.pe\/?post_type=noticias&#038;p=50879"},"modified":"2024-05-08T12:56:01","modified_gmt":"2024-05-08T17:56:01","slug":"la-revista-kawsaypacha-del-inte-pucp-presenta-su-decimotercera-edicion-destacando-el-analisis-interdisciplinario-de-problematicas-socioambientales","status":"publish","type":"noticias","link":"https:\/\/inte.pucp.edu.pe\/en\/noticias-y-eventos\/noticias\/la-revista-kawsaypacha-del-inte-pucp-presenta-su-decimotercera-edicion-destacando-el-analisis-interdisciplinario-de-problematicas-socioambientales\/","title":{"rendered":"La Revista Kawsaypacha del INTE-PUCP presenta su d\u00e9cimotercera edici\u00f3n, destacando el an\u00e1lisis interdisciplinario de problem\u00e1ticas socioambientales"},"comment_status":"open","ping_status":"closed","template":"","tipo-noticia":[23],"etiqueta-noticia":[],"class_list":["post-50879","noticias","type-noticias","status-publish","hentry","tipo-noticia-noticias"],"acf":[],"_links":{"self":[{"href":"https:\/\/inte.pucp.edu.pe\/en\/wp-json\/wp\/v2\/noticias\/50879","targetHints":{"allow":["GET"]}}],"collection":[{"href":"https:\/\/inte.pucp.edu.pe\/en\/wp-json\/wp\/v2\/noticias"}],"about":[{"href":"https:\/\/inte.pucp.edu.pe\/en\/wp-json\/wp\/v2\/types\/noticias"}],"replies":[{"embeddable":true,"href":"https:\/\/inte.pucp.edu.pe\/en\/wp-json\/wp\/v2\/comments?post=50879"}],"wp:featuredmedia":[{"embeddable":true,"href":"https:\/\/inte.pucp.edu.pe\/en\/wp-json\/wp\/v2\/media\/50880"}],"wp:attachment":[{"href":"https:\/\/inte.pucp.edu.pe\/en\/wp-json\/wp\/v2\/media?parent=50879"}],"wp:term":[{"taxonomy":"tipo-noticia","embeddable":true,"href":"https:\/\/inte.pucp.edu.pe\/en\/wp-json\/wp\/v2\/tipo-noticia?post=50879"},{"taxonomy":"etiqueta-noticia","embeddable":true,"href":"https:\/\/inte.pucp.edu.pe\/en\/wp-json\/wp\/v2\/etiqueta-noticia?post=50879"}],"curies":[{"name":"wp","href":"https:\/\/api.w.org\/{rel}","templated":true}]}}