{"id":519,"date":"2016-06-08T22:11:41","date_gmt":"2016-06-08T22:11:41","guid":{"rendered":"https:\/\/inte.pucp.edu.pe\/noticias-y-eventos\/noticias\/el-grupo-de-investigacion-en-derecho-ambiental-publica-el-primer-numero-del-boletin-gida\/"},"modified":"2021-03-26T13:10:23","modified_gmt":"2021-03-26T13:10:23","slug":"el-grupo-de-investigacion-en-derecho-ambiental-publica-el-primer-numero-del-boletin-gida","status":"publish","type":"noticias","link":"https:\/\/inte.pucp.edu.pe\/en\/noticias-y-eventos\/noticias\/el-grupo-de-investigacion-en-derecho-ambiental-publica-el-primer-numero-del-boletin-gida\/","title":{"rendered":"El Grupo de Investigaci\u00f3n en Derecho Ambiental publica el primer n\u00famero del Bolet\u00edn GIDA"},"comment_status":"closed","ping_status":"closed","template":"","tipo-noticia":[23],"etiqueta-noticia":[130,316,132],"class_list":["post-519","noticias","type-noticias","status-publish","hentry","tipo-noticia-noticias","etiqueta-noticia-derecho-ambiental","etiqueta-noticia-gida","etiqueta-noticia-publicaciones"],"acf":[],"_links":{"self":[{"href":"https:\/\/inte.pucp.edu.pe\/en\/wp-json\/wp\/v2\/noticias\/519","targetHints":{"allow":["GET"]}}],"collection":[{"href":"https:\/\/inte.pucp.edu.pe\/en\/wp-json\/wp\/v2\/noticias"}],"about":[{"href":"https:\/\/inte.pucp.edu.pe\/en\/wp-json\/wp\/v2\/types\/noticias"}],"replies":[{"embeddable":true,"href":"https:\/\/inte.pucp.edu.pe\/en\/wp-json\/wp\/v2\/comments?post=519"}],"wp:featuredmedia":[{"embeddable":true,"href":"https:\/\/inte.pucp.edu.pe\/en\/wp-json\/wp\/v2\/media\/518"}],"wp:attachment":[{"href":"https:\/\/inte.pucp.edu.pe\/en\/wp-json\/wp\/v2\/media?parent=519"}],"wp:term":[{"taxonomy":"tipo-noticia","embeddable":true,"href":"https:\/\/inte.pucp.edu.pe\/en\/wp-json\/wp\/v2\/tipo-noticia?post=519"},{"taxonomy":"etiqueta-noticia","embeddable":true,"href":"https:\/\/inte.pucp.edu.pe\/en\/wp-json\/wp\/v2\/etiqueta-noticia?post=519"}],"curies":[{"name":"wp","href":"https:\/\/api.w.org\/{rel}","templated":true}]}}