{"id":55523,"date":"2024-08-09T17:40:42","date_gmt":"2024-08-09T22:40:42","guid":{"rendered":"https:\/\/inte.pucp.edu.pe\/?post_type=noticias&#038;p=55523"},"modified":"2024-08-09T17:41:56","modified_gmt":"2024-08-09T22:41:56","slug":"dia-interamericano-de-la-calidad-del-aire-lima-sigue-enfrentando-desafios-significativos-en-la-region","status":"publish","type":"noticias","link":"https:\/\/inte.pucp.edu.pe\/en\/noticias-y-eventos\/noticias\/dia-interamericano-de-la-calidad-del-aire-lima-sigue-enfrentando-desafios-significativos-en-la-region\/","title":{"rendered":"D\u00eda Interamericano de la Calidad del Aire: Lima sigue enfrentando desaf\u00edos significativos en la regi\u00f3n"},"comment_status":"open","ping_status":"closed","template":"","tipo-noticia":[23],"etiqueta-noticia":[],"class_list":["post-55523","noticias","type-noticias","status-publish","hentry","tipo-noticia-noticias"],"acf":[],"_links":{"self":[{"href":"https:\/\/inte.pucp.edu.pe\/en\/wp-json\/wp\/v2\/noticias\/55523","targetHints":{"allow":["GET"]}}],"collection":[{"href":"https:\/\/inte.pucp.edu.pe\/en\/wp-json\/wp\/v2\/noticias"}],"about":[{"href":"https:\/\/inte.pucp.edu.pe\/en\/wp-json\/wp\/v2\/types\/noticias"}],"replies":[{"embeddable":true,"href":"https:\/\/inte.pucp.edu.pe\/en\/wp-json\/wp\/v2\/comments?post=55523"}],"wp:featuredmedia":[{"embeddable":true,"href":"https:\/\/inte.pucp.edu.pe\/en\/wp-json\/wp\/v2\/media\/55526"}],"wp:attachment":[{"href":"https:\/\/inte.pucp.edu.pe\/en\/wp-json\/wp\/v2\/media?parent=55523"}],"wp:term":[{"taxonomy":"tipo-noticia","embeddable":true,"href":"https:\/\/inte.pucp.edu.pe\/en\/wp-json\/wp\/v2\/tipo-noticia?post=55523"},{"taxonomy":"etiqueta-noticia","embeddable":true,"href":"https:\/\/inte.pucp.edu.pe\/en\/wp-json\/wp\/v2\/etiqueta-noticia?post=55523"}],"curies":[{"name":"wp","href":"https:\/\/api.w.org\/{rel}","templated":true}]}}