{"id":9465,"date":"2021-11-18T19:41:03","date_gmt":"2021-11-19T00:41:03","guid":{"rendered":"https:\/\/inte.pucp.edu.pe\/?post_type=noticias&#038;p=9465"},"modified":"2021-11-19T12:11:34","modified_gmt":"2021-11-19T17:11:34","slug":"investigaciones-seleccionadas-para-la-2da-edicion-de-dialogos-academicos-aportes-de-la-ciencia-a-nuestro-desafio-climatico","status":"publish","type":"noticias","link":"https:\/\/inte.pucp.edu.pe\/en\/noticias-y-eventos\/noticias\/investigaciones-seleccionadas-para-la-2da-edicion-de-dialogos-academicos-aportes-de-la-ciencia-a-nuestro-desafio-climatico\/","title":{"rendered":"Investigaciones seleccionadas para la 2da edici\u00f3n de \u00abDi\u00e1logos Acad\u00e9micos: Aportes de la Ciencia a Nuestro Desaf\u00edo Clim\u00e1tico\u00bb"},"comment_status":"open","ping_status":"closed","template":"","tipo-noticia":[23],"etiqueta-noticia":[31,188,69],"class_list":["post-9465","noticias","type-noticias","status-publish","hentry","tipo-noticia-noticias","etiqueta-noticia-cambio-climatico","etiqueta-noticia-investigaciones","etiqueta-noticia-ndcs"],"acf":[],"yoast_head":"<!-- This site is optimized with the Yoast SEO plugin v26.4 - https:\/\/yoast.com\/wordpress\/plugins\/seo\/ -->\n<title>Investigaciones seleccionadas para la 2da edici\u00f3n de \u00abDi\u00e1logos Acad\u00e9micos: Aportes de la Ciencia a Nuestro Desaf\u00edo Clim\u00e1tico\u00bb - Instituto de la Naturaleza, Tierra y Energ\u00eda (INTE-PUCP)<\/title>\n<meta name=\"robots\" content=\"index, follow, max-snippet:-1, max-image-preview:large, max-video-preview:-1\" \/>\n<link rel=\"canonical\" href=\"https:\/\/inte.pucp.edu.pe\/en\/noticias-y-eventos\/noticias\/investigaciones-seleccionadas-para-la-2da-edicion-de-dialogos-academicos-aportes-de-la-ciencia-a-nuestro-desafio-climatico\/\" \/>\n<meta property=\"og:locale\" content=\"en_US\" \/>\n<meta property=\"og:type\" content=\"article\" \/>\n<meta property=\"og:title\" content=\"Investigaciones seleccionadas para la 2da edici\u00f3n de \u00abDi\u00e1logos Acad\u00e9micos: Aportes de la Ciencia a Nuestro Desaf\u00edo Clim\u00e1tico\u00bb - Instituto de la Naturaleza, Tierra y Energ\u00eda (INTE-PUCP)\" \/>\n<meta property=\"og:description\" content=\"Los Di\u00e1logos Acad\u00e9micos constituyen un espacio que tiene la finalidad de integrar las iniciativas de investigaci\u00f3n desarrolladas por las universidades y diferentes centros de investigaci\u00f3n con los intereses de los gestores p\u00fablicos y tomadores de decisi\u00f3n; as\u00ed como, socializar y divulgar los resultados de las investigaciones realizadas por las universidades y centros de investigaci\u00f3n del [&hellip;]\" \/>\n<meta property=\"og:url\" content=\"https:\/\/inte.pucp.edu.pe\/en\/noticias-y-eventos\/noticias\/investigaciones-seleccionadas-para-la-2da-edicion-de-dialogos-academicos-aportes-de-la-ciencia-a-nuestro-desafio-climatico\/\" \/>\n<meta property=\"og:site_name\" content=\"Instituto de la Naturaleza, Tierra y Energ\u00eda (INTE-PUCP)\" \/>\n<meta property=\"article:modified_time\" content=\"2021-11-19T17:11:34+00:00\" \/>\n<meta property=\"og:image\" content=\"https:\/\/inte.pucp.edu.pe\/wp-content\/uploads\/2021\/11\/Flyer-convocatoria-Dialogos-Academicos_web.png\" \/>\n\t<meta property=\"og:image:width\" content=\"1600\" \/>\n\t<meta property=\"og:image:height\" content=\"900\" \/>\n\t<meta property=\"og:image:type\" content=\"image\/png\" \/>\n<meta name=\"twitter:card\" content=\"summary_large_image\" \/>\n<meta name=\"twitter:label1\" content=\"Est. reading time\" \/>\n\t<meta name=\"twitter:data1\" content=\"4 minutes\" \/>\n<script type=\"application\/ld+json\" class=\"yoast-schema-graph\">{\"@context\":\"https:\/\/schema.org\",\"@graph\":[{\"@type\":\"WebPage\",\"@id\":\"https:\/\/inte.pucp.edu.pe\/en\/noticias-y-eventos\/noticias\/investigaciones-seleccionadas-para-la-2da-edicion-de-dialogos-academicos-aportes-de-la-ciencia-a-nuestro-desafio-climatico\/\",\"url\":\"https:\/\/inte.pucp.edu.pe\/en\/noticias-y-eventos\/noticias\/investigaciones-seleccionadas-para-la-2da-edicion-de-dialogos-academicos-aportes-de-la-ciencia-a-nuestro-desafio-climatico\/\",\"name\":\"Investigaciones seleccionadas para la 2da edici\u00f3n de \u00abDi\u00e1logos Acad\u00e9micos: Aportes de la Ciencia a Nuestro Desaf\u00edo Clim\u00e1tico\u00bb - Instituto de la Naturaleza, Tierra y Energ\u00eda (INTE-PUCP)\",\"isPartOf\":{\"@id\":\"https:\/\/inte.pucp.edu.pe\/en\/#website\"},\"primaryImageOfPage\":{\"@id\":\"https:\/\/inte.pucp.edu.pe\/en\/noticias-y-eventos\/noticias\/investigaciones-seleccionadas-para-la-2da-edicion-de-dialogos-academicos-aportes-de-la-ciencia-a-nuestro-desafio-climatico\/#primaryimage\"},\"image\":{\"@id\":\"https:\/\/inte.pucp.edu.pe\/noticias-y-eventos\/noticias\/investigaciones-seleccionadas-para-la-2da-edicion-de-dialogos-academicos-aportes-de-la-ciencia-a-nuestro-desafio-climatico\/#primaryimage\"},\"thumbnailUrl\":\"https:\/\/inte.pucp.edu.pe\/wp-content\/uploads\/2021\/11\/Flyer-convocatoria-Dialogos-Academicos_web.png\",\"datePublished\":\"2021-11-19T00:41:03+00:00\",\"dateModified\":\"2021-11-19T17:11:34+00:00\",\"breadcrumb\":{\"@id\":\"https:\/\/inte.pucp.edu.pe\/en\/noticias-y-eventos\/noticias\/investigaciones-seleccionadas-para-la-2da-edicion-de-dialogos-academicos-aportes-de-la-ciencia-a-nuestro-desafio-climatico\/#breadcrumb\"},\"inLanguage\":\"en-US\",\"potentialAction\":[{\"@type\":\"ReadAction\",\"target\":[[\"https:\/\/inte.pucp.edu.pe\/en\/noticias-y-eventos\/noticias\/investigaciones-seleccionadas-para-la-2da-edicion-de-dialogos-academicos-aportes-de-la-ciencia-a-nuestro-desafio-climatico\/\"]]}]},{\"@type\":\"ImageObject\",\"inLanguage\":\"en-US\",\"@id\":\"https:\/\/inte.pucp.edu.pe\/en\/noticias-y-eventos\/noticias\/investigaciones-seleccionadas-para-la-2da-edicion-de-dialogos-academicos-aportes-de-la-ciencia-a-nuestro-desafio-climatico\/#primaryimage\",\"url\":\"https:\/\/inte.pucp.edu.pe\/wp-content\/uploads\/2021\/11\/Flyer-convocatoria-Dialogos-Academicos_web.png\",\"contentUrl\":\"https:\/\/inte.pucp.edu.pe\/wp-content\/uploads\/2021\/11\/Flyer-convocatoria-Dialogos-Academicos_web.png\",\"width\":1600,\"height\":900},{\"@type\":\"BreadcrumbList\",\"@id\":\"https:\/\/inte.pucp.edu.pe\/en\/noticias-y-eventos\/noticias\/investigaciones-seleccionadas-para-la-2da-edicion-de-dialogos-academicos-aportes-de-la-ciencia-a-nuestro-desafio-climatico\/#breadcrumb\",\"itemListElement\":[{\"@type\":\"ListItem\",\"position\":1,\"name\":\"Portada\",\"item\":\"https:\/\/inte.pucp.edu.pe\/en\/\"},{\"@type\":\"ListItem\",\"position\":2,\"name\":\"Investigaciones seleccionadas para la 2da edici\u00f3n de \u00abDi\u00e1logos Acad\u00e9micos: Aportes de la Ciencia a Nuestro Desaf\u00edo Clim\u00e1tico\u00bb\"}]},{\"@type\":\"WebSite\",\"@id\":\"https:\/\/inte.pucp.edu.pe\/en\/#website\",\"url\":\"https:\/\/inte.pucp.edu.pe\/en\/\",\"name\":\"Instituto de la Naturaleza, Tierra y Energ\u00eda (INTE-PUCP)\",\"description\":\"\",\"publisher\":{\"@id\":\"https:\/\/inte.pucp.edu.pe\/en\/#organization\"},\"potentialAction\":[{\"@type\":\"SearchAction\",\"target\":{\"@type\":\"EntryPoint\",\"urlTemplate\":\"https:\/\/inte.pucp.edu.pe\/en\/?s={search_term_string}\"},\"query-input\":{\"@type\":\"PropertyValueSpecification\",\"valueRequired\":true,\"valueName\":\"search_term_string\"}}],\"inLanguage\":\"en-US\"},{\"@type\":\"Organization\",\"@id\":\"https:\/\/inte.pucp.edu.pe\/en\/#organization\",\"name\":\"Instituto de la Naturaleza, Tierra y Energ\u00eda (INTE-PUCP)\",\"url\":\"https:\/\/inte.pucp.edu.pe\/en\/\",\"logo\":{\"@type\":\"ImageObject\",\"inLanguage\":\"en-US\",\"@id\":\"https:\/\/inte.pucp.edu.pe\/en\/#\/schema\/logo\/image\/\",\"url\":\"https:\/\/inte.pucp.edu.pe\/wp-content\/uploads\/2023\/02\/13-Conferencia-LCA-Foods-085-1-scaled.jpg\",\"contentUrl\":\"https:\/\/inte.pucp.edu.pe\/wp-content\/uploads\/2023\/02\/13-Conferencia-LCA-Foods-085-1-scaled.jpg\",\"width\":2560,\"height\":1707,\"caption\":\"Instituto de la Naturaleza, Tierra y Energ\u00eda (INTE-PUCP)\"},\"image\":{\"@id\":\"https:\/\/inte.pucp.edu.pe\/en\/#\/schema\/logo\/image\/\"}}]}<\/script>\n<!-- \/ Yoast SEO plugin. -->","yoast_head_json":{"title":"Investigaciones seleccionadas para la 2da edici\u00f3n de \u00abDi\u00e1logos Acad\u00e9micos: Aportes de la Ciencia a Nuestro Desaf\u00edo Clim\u00e1tico\u00bb - Instituto de la Naturaleza, Tierra y Energ\u00eda (INTE-PUCP)","robots":{"index":"index","follow":"follow","max-snippet":"max-snippet:-1","max-image-preview":"max-image-preview:large","max-video-preview":"max-video-preview:-1"},"canonical":"https:\/\/inte.pucp.edu.pe\/en\/noticias-y-eventos\/noticias\/investigaciones-seleccionadas-para-la-2da-edicion-de-dialogos-academicos-aportes-de-la-ciencia-a-nuestro-desafio-climatico\/","og_locale":"en_US","og_type":"article","og_title":"Investigaciones seleccionadas para la 2da edici\u00f3n de \u00abDi\u00e1logos Acad\u00e9micos: Aportes de la Ciencia a Nuestro Desaf\u00edo Clim\u00e1tico\u00bb - Instituto de la Naturaleza, Tierra y Energ\u00eda (INTE-PUCP)","og_description":"Los Di\u00e1logos Acad\u00e9micos constituyen un espacio que tiene la finalidad de integrar las iniciativas de investigaci\u00f3n desarrolladas por las universidades y diferentes centros de investigaci\u00f3n con los intereses de los gestores p\u00fablicos y tomadores de decisi\u00f3n; as\u00ed como, socializar y divulgar los resultados de las investigaciones realizadas por las universidades y centros de investigaci\u00f3n del [&hellip;]","og_url":"https:\/\/inte.pucp.edu.pe\/en\/noticias-y-eventos\/noticias\/investigaciones-seleccionadas-para-la-2da-edicion-de-dialogos-academicos-aportes-de-la-ciencia-a-nuestro-desafio-climatico\/","og_site_name":"Instituto de la Naturaleza, Tierra y Energ\u00eda (INTE-PUCP)","article_modified_time":"2021-11-19T17:11:34+00:00","og_image":[{"width":1600,"height":900,"url":"https:\/\/inte.pucp.edu.pe\/wp-content\/uploads\/2021\/11\/Flyer-convocatoria-Dialogos-Academicos_web.png","type":"image\/png"}],"twitter_card":"summary_large_image","twitter_misc":{"Est. reading time":"4 minutes"},"schema":{"@context":"https:\/\/schema.org","@graph":[{"@type":"WebPage","@id":"https:\/\/inte.pucp.edu.pe\/en\/noticias-y-eventos\/noticias\/investigaciones-seleccionadas-para-la-2da-edicion-de-dialogos-academicos-aportes-de-la-ciencia-a-nuestro-desafio-climatico\/","url":"https:\/\/inte.pucp.edu.pe\/en\/noticias-y-eventos\/noticias\/investigaciones-seleccionadas-para-la-2da-edicion-de-dialogos-academicos-aportes-de-la-ciencia-a-nuestro-desafio-climatico\/","name":"Investigaciones seleccionadas para la 2da edici\u00f3n de \u00abDi\u00e1logos Acad\u00e9micos: Aportes de la Ciencia a Nuestro Desaf\u00edo Clim\u00e1tico\u00bb - Instituto de la Naturaleza, Tierra y Energ\u00eda (INTE-PUCP)","isPartOf":{"@id":"https:\/\/inte.pucp.edu.pe\/en\/#website"},"primaryImageOfPage":{"@id":"https:\/\/inte.pucp.edu.pe\/en\/noticias-y-eventos\/noticias\/investigaciones-seleccionadas-para-la-2da-edicion-de-dialogos-academicos-aportes-de-la-ciencia-a-nuestro-desafio-climatico\/#primaryimage"},"image":{"@id":"https:\/\/inte.pucp.edu.pe\/noticias-y-eventos\/noticias\/investigaciones-seleccionadas-para-la-2da-edicion-de-dialogos-academicos-aportes-de-la-ciencia-a-nuestro-desafio-climatico\/#primaryimage"},"thumbnailUrl":"https:\/\/inte.pucp.edu.pe\/wp-content\/uploads\/2021\/11\/Flyer-convocatoria-Dialogos-Academicos_web.png","datePublished":"2021-11-19T00:41:03+00:00","dateModified":"2021-11-19T17:11:34+00:00","breadcrumb":{"@id":"https:\/\/inte.pucp.edu.pe\/en\/noticias-y-eventos\/noticias\/investigaciones-seleccionadas-para-la-2da-edicion-de-dialogos-academicos-aportes-de-la-ciencia-a-nuestro-desafio-climatico\/#breadcrumb"},"inLanguage":"en-US","potentialAction":[{"@type":"ReadAction","target":[["https:\/\/inte.pucp.edu.pe\/en\/noticias-y-eventos\/noticias\/investigaciones-seleccionadas-para-la-2da-edicion-de-dialogos-academicos-aportes-de-la-ciencia-a-nuestro-desafio-climatico\/"]]}]},{"@type":"ImageObject","inLanguage":"en-US","@id":"https:\/\/inte.pucp.edu.pe\/en\/noticias-y-eventos\/noticias\/investigaciones-seleccionadas-para-la-2da-edicion-de-dialogos-academicos-aportes-de-la-ciencia-a-nuestro-desafio-climatico\/#primaryimage","url":"https:\/\/inte.pucp.edu.pe\/wp-content\/uploads\/2021\/11\/Flyer-convocatoria-Dialogos-Academicos_web.png","contentUrl":"https:\/\/inte.pucp.edu.pe\/wp-content\/uploads\/2021\/11\/Flyer-convocatoria-Dialogos-Academicos_web.png","width":1600,"height":900},{"@type":"BreadcrumbList","@id":"https:\/\/inte.pucp.edu.pe\/en\/noticias-y-eventos\/noticias\/investigaciones-seleccionadas-para-la-2da-edicion-de-dialogos-academicos-aportes-de-la-ciencia-a-nuestro-desafio-climatico\/#breadcrumb","itemListElement":[{"@type":"ListItem","position":1,"name":"Portada","item":"https:\/\/inte.pucp.edu.pe\/en\/"},{"@type":"ListItem","position":2,"name":"Investigaciones seleccionadas para la 2da edici\u00f3n de \u00abDi\u00e1logos Acad\u00e9micos: Aportes de la Ciencia a Nuestro Desaf\u00edo Clim\u00e1tico\u00bb"}]},{"@type":"WebSite","@id":"https:\/\/inte.pucp.edu.pe\/en\/#website","url":"https:\/\/inte.pucp.edu.pe\/en\/","name":"Instituto de la Naturaleza, Tierra y Energ\u00eda (INTE-PUCP)","description":"","publisher":{"@id":"https:\/\/inte.pucp.edu.pe\/en\/#organization"},"potentialAction":[{"@type":"SearchAction","target":{"@type":"EntryPoint","urlTemplate":"https:\/\/inte.pucp.edu.pe\/en\/?s={search_term_string}"},"query-input":{"@type":"PropertyValueSpecification","valueRequired":true,"valueName":"search_term_string"}}],"inLanguage":"en-US"},{"@type":"Organization","@id":"https:\/\/inte.pucp.edu.pe\/en\/#organization","name":"Instituto de la Naturaleza, Tierra y Energ\u00eda (INTE-PUCP)","url":"https:\/\/inte.pucp.edu.pe\/en\/","logo":{"@type":"ImageObject","inLanguage":"en-US","@id":"https:\/\/inte.pucp.edu.pe\/en\/#\/schema\/logo\/image\/","url":"https:\/\/inte.pucp.edu.pe\/wp-content\/uploads\/2023\/02\/13-Conferencia-LCA-Foods-085-1-scaled.jpg","contentUrl":"https:\/\/inte.pucp.edu.pe\/wp-content\/uploads\/2023\/02\/13-Conferencia-LCA-Foods-085-1-scaled.jpg","width":2560,"height":1707,"caption":"Instituto de la Naturaleza, Tierra y Energ\u00eda (INTE-PUCP)"},"image":{"@id":"https:\/\/inte.pucp.edu.pe\/en\/#\/schema\/logo\/image\/"}}]}},"_links":{"self":[{"href":"https:\/\/inte.pucp.edu.pe\/en\/wp-json\/wp\/v2\/noticias\/9465","targetHints":{"allow":["GET"]}}],"collection":[{"href":"https:\/\/inte.pucp.edu.pe\/en\/wp-json\/wp\/v2\/noticias"}],"about":[{"href":"https:\/\/inte.pucp.edu.pe\/en\/wp-json\/wp\/v2\/types\/noticias"}],"replies":[{"embeddable":true,"href":"https:\/\/inte.pucp.edu.pe\/en\/wp-json\/wp\/v2\/comments?post=9465"}],"wp:featuredmedia":[{"embeddable":true,"href":"https:\/\/inte.pucp.edu.pe\/en\/wp-json\/wp\/v2\/media\/9467"}],"wp:attachment":[{"href":"https:\/\/inte.pucp.edu.pe\/en\/wp-json\/wp\/v2\/media?parent=9465"}],"wp:term":[{"taxonomy":"tipo-noticia","embeddable":true,"href":"https:\/\/inte.pucp.edu.pe\/en\/wp-json\/wp\/v2\/tipo-noticia?post=9465"},{"taxonomy":"etiqueta-noticia","embeddable":true,"href":"https:\/\/inte.pucp.edu.pe\/en\/wp-json\/wp\/v2\/etiqueta-noticia?post=9465"}],"curies":[{"name":"wp","href":"https:\/\/api.w.org\/{rel}","templated":true}]}}